{"id":49090,"date":"2019-07-28T06:04:16","date_gmt":"2019-07-28T10:04:16","guid":{"rendered":"https:\/\/linitiative.ca\/International\/groupe-psa-samir-cherfan-succede-a-jean-christophe-quemard\/"},"modified":"2019-07-28T06:04:16","modified_gmt":"2019-07-28T10:04:16","slug":"groupe-psa-samir-cherfan-succede-a-jean-christophe-quemard","status":"publish","type":"post","link":"https:\/\/linitiative.ca\/International\/groupe-psa-samir-cherfan-succede-a-jean-christophe-quemard\/","title":{"rendered":"Groupe PSA : Samir Cherfan succ\u00e8de \u00e0 Jean-Christophe Quemard"},"content":{"rendered":"<p><strong>Dans le cadre de la mise en \u0153uvre du plan strat\u00e9gique \u00abPush to Pass\u00bb, le Comit\u00e9 Ex\u00e9cutif Global de PSA \u00e9voluera \u00e0 compter du 1<\/strong><strong><sup>er<\/sup><\/strong> <strong>septembre prochain, ce qui atteste des ambitions du Groupe \u00e0 devenir une r\u00e9f\u00e9rence dans la satisfaction de ses clients dans le monde.<\/strong>\u00a0<\/p>\n<div class=\"c10\"\/>\n<p>Directeur de la r\u00e9gion Afrique et Moyen-Orient depuis 2014 et Membre du Comit\u00e9 Ex\u00e9cutif Global, Jean-Christophe Quemard est nomm\u00e9 Directeur Qualit\u00e9. Selon le staff de PSA, il contribuera directement \u00e0 ce poste \u00e0 l\u2019atteinte des objectifs fix\u00e9s en mati\u00e8re de qualit\u00e9 dans le cadre du plan \u00abPush to Pass\u00bb et apportera son exp\u00e9rience acquise dans les domaines de l\u2019ing\u00e9nierie, des programmes, des achats ainsi qu\u2019\u00e0 la direction d\u2019une r\u00e9gion. Jean-Christophe Quemard a par ailleurs contribu\u00e9 significativement \u00e0 la construction et la mise en \u0153uvre du plan de d\u00e9veloppement de PSA dans la R\u00e9gion, notamment dans la mise en \u0153uvre du projet de l\u2019usine du Groupe \u00e0 K\u00e9nitra.\u00a0<\/p>\n<p>C\u2019est Samir Cherfan qui est nomm\u00e9 Directeur de la r\u00e9gion Afrique Moyen-Orient et qui devient Membre du Comit\u00e9 Ex\u00e9cutif Global. Ayant contribu\u00e9 avec succ\u00e8s aux r\u00e9sultats du Groupe dans ces r\u00e9gions depuis 2017, il apportera sa grande connaissance des march\u00e9s et des partenaires de la R\u00e9gion ainsi que son exp\u00e9rience dans les nombreux m\u00e9tiers de l\u2019industrie automobile, tels que l\u2019ing\u00e9nierie, le programme et le commerce, acquis chez diff\u00e9rents constructeurs. <em>\u00abCes deux nominations permettent de renforcer la mise en \u0153uvre de notre plan strat\u00e9gique Push to Pass qui vise notamment la position de num\u00e9ro 1 en qualit\u00e9 et un d\u00e9ploiement acc\u00e9l\u00e9r\u00e9 hors d\u2019Europe<\/em>\u00bb, s\u2019est exprim\u00e9 Carlos Tavares. Et le Pr\u00e9sident du Directoire du Groupe PSA de poursuivre\u00a0: <em>\u00ables exp\u00e9riences et savoir-faire respectifs de Jean Christophe Quemard et de Samir Cherfan r\u00e9pondent parfaitement \u00e0 cette double ambition, dans leurs nouvelles missions\u00bb.<\/em>\u00a0<\/p>\n<p><strong>Bio express\u00a0<\/strong><\/p>\n<p><strong>Samir Cherfan<\/strong><\/p>\n<p>-Juillet 2017\u00a0: Vice-pr\u00e9sident Directeur des ventes et du marketing-Groupe PSA<br \/>-2013-juin 2017\u00a0: Directeur des ventes et du marketing, puis Directeur g\u00e9n\u00e9ral de Nissan Middle East<br \/>-En 2010, Directeur g\u00e9n\u00e9ral du groupe Renault Retail \u00e0 Paris\u00a0<br \/>-Ing\u00e9nieur automobile chez Renault pendant 11 ans puis Directeur de programme pour les mod\u00e8les berline et berline de milieu de gamme\u00a0\u00a0<br \/>-Dipl\u00f4m\u00e9 de l\u2019\u00e9cole d\u2019ing\u00e9nieur Polytech Paris en 1992<\/p>\n<div class=\"c17\">\n<fieldset class=\"c16\">\n<legend><strong><span class=\"c11\">Challenge<\/span><span class=\"c12\">news<\/span><\/strong><\/legend>\n<div class=\"c15\">Le meilleur de la r\u00e9daction s\u00e9lectionn\u00e9 par Challenge :<\/p>\n<\/div>\n<\/fieldset>\n<\/div>\n<p>Auteur: David J\u00e9r\u00e9mie<br \/>\n<a href=\"https:\/\/www.challenge.ma\/groupe-psa-samir-cherfan-succede-a-jean-christophe-quemard-114021\/\">Cliquez ici pour lire l&rsquo;article depuis sa source.<\/a><\/p>\n","protected":false},"excerpt":{"rendered":"<p>Dans le cadre de la mise en \u0153uvre du plan strat\u00e9gique \u00abPush to Pass\u00bb, le Comit\u00e9 Ex\u00e9cutif Global de PSA \u00e9voluera \u00e0 compter du 1er septembre prochain, ce qui atteste des ambitions du Groupe \u00e0 devenir une r\u00e9f\u00e9rence dans la satisfaction de ses clients dans le monde.\u00a0 Directeur de la r\u00e9gion Afrique et Moyen-Orient depuis [&hellip;]<\/p>\n","protected":false},"author":1787,"featured_media":0,"comment_status":"closed","ping_status":"closed","sticky":false,"template":"","format":"standard","meta":{"fifu_image_url":"","fifu_image_alt":"","footnotes":""},"categories":[78,54],"tags":[],"class_list":["post-49090","post","type-post","status-publish","format-standard","hentry","category-economie","category-maroc"],"_links":{"self":[{"href":"https:\/\/linitiative.ca\/International\/wp-json\/wp\/v2\/posts\/49090","targetHints":{"allow":["GET"]}}],"collection":[{"href":"https:\/\/linitiative.ca\/International\/wp-json\/wp\/v2\/posts"}],"about":[{"href":"https:\/\/linitiative.ca\/International\/wp-json\/wp\/v2\/types\/post"}],"author":[{"embeddable":true,"href":"https:\/\/linitiative.ca\/International\/wp-json\/wp\/v2\/users\/1787"}],"replies":[{"embeddable":true,"href":"https:\/\/linitiative.ca\/International\/wp-json\/wp\/v2\/comments?post=49090"}],"version-history":[{"count":0,"href":"https:\/\/linitiative.ca\/International\/wp-json\/wp\/v2\/posts\/49090\/revisions"}],"wp:attachment":[{"href":"https:\/\/linitiative.ca\/International\/wp-json\/wp\/v2\/media?parent=49090"}],"wp:term":[{"taxonomy":"category","embeddable":true,"href":"https:\/\/linitiative.ca\/International\/wp-json\/wp\/v2\/categories?post=49090"},{"taxonomy":"post_tag","embeddable":true,"href":"https:\/\/linitiative.ca\/International\/wp-json\/wp\/v2\/tags?post=49090"}],"curies":[{"name":"wp","href":"https:\/\/api.w.org\/{rel}","templated":true}]}}