{"id":49094,"date":"2019-07-28T14:52:01","date_gmt":"2019-07-28T18:52:01","guid":{"rendered":"https:\/\/linitiative.ca\/International\/algerie-un-incendie-se-declare-en-bordure-des-pistes-de-decollages-de-laeroport-dannaba\/"},"modified":"2019-07-28T14:52:01","modified_gmt":"2019-07-28T18:52:01","slug":"algerie-un-incendie-se-declare-en-bordure-des-pistes-de-decollages-de-laeroport-dannaba","status":"publish","type":"post","link":"https:\/\/linitiative.ca\/International\/algerie-un-incendie-se-declare-en-bordure-des-pistes-de-decollages-de-laeroport-dannaba\/","title":{"rendered":"Alg\u00e9rie\u00a0: Un incendie se d\u00e9clare en bordure des pistes de d\u00e9collages de l\u2019a\u00e9roport d\u2019Annaba"},"content":{"rendered":"<div class=\"post-cont-in left relative\">\n<div class=\"swp_social_panel swp_horizontal_panel swp_flat_fresh swp_default_full_color swp_individual_full_color swp_other_full_color scale-100 scale-\" data-min-width=\"1100\" data-float-color=\"#ffffff\" data-float=\"none\" data-float-mobile=\"none\" data-transition=\"slide\">\n<div class=\"nc_tweetContainer swp_share_button total_shares total_sharesalt\"><span class=\"swp_count\">11 <span class=\"swp_label\">Partages<\/span><\/span><\/div>\n<\/div>\n<p>Un incendie s\u2019est d\u00e9clar\u00e9, ce dimanche apr\u00e8s midi, dans les broussailles en bordure des pistes de l\u2019a\u00e9roport d\u2019Annaba. Cet incendie a oblig\u00e9 \u00e0 l\u2019arr\u00eat du trafic a\u00e9rien sur cet a\u00e9roport, retardant bon nombre de vols au d\u00e9part d\u2019Annaba et le d\u00e9routement des vols \u00e0 sa destination.<\/p>\n<div class=\"mvp-org-wrap mvp-org-logo\" itemprop=\"publisher\" itemscope=\"\" itemtype=\"https:\/\/schema.org\/Organization\"><img decoding=\"async\" src=\"https:\/\/www.tunisienumerique.com\/wp-content\/uploads\/2017\/02\/logo_tunisie_numerique.png\"\/><\/div>\n<div class=\"swp_social_panel swp_horizontal_panel swp_flat_fresh swp_default_full_color swp_individual_full_color swp_other_full_color scale-100 scale-\" data-min-width=\"1100\" data-float-color=\"#ffffff\" data-float=\"none\" data-float-mobile=\"none\" data-transition=\"slide\">\n<div class=\"nc_tweetContainer swp_share_button total_shares total_sharesalt\"><span class=\"swp_count\">11 <span class=\"swp_label\">Partages<\/span><\/span><\/div>\n<\/div>\n<div class=\"mvp-related-posts left relative\">\n<h4 class=\"post-header\"><span class=\"post-header\">Lire aussi<\/span><\/h4>\n<\/div>\n<\/div>\n<p>Auteur: LM<br \/>\n<a href=\"https:\/\/www.tunisienumerique.com\/algerie-un-incendie-se-declare-en-bordure-des-pistes-de-decollages-de-laeroport-dannaba\/\">Cliquez ici pour lire l&rsquo;article depuis sa source.<\/a><\/p>\n","protected":false},"excerpt":{"rendered":"<p>11 Partages Un incendie s\u2019est d\u00e9clar\u00e9, ce dimanche apr\u00e8s midi, dans les broussailles en bordure des pistes de l\u2019a\u00e9roport d\u2019Annaba. Cet incendie a oblig\u00e9 \u00e0 l\u2019arr\u00eat du trafic a\u00e9rien sur cet a\u00e9roport, retardant bon nombre de vols au d\u00e9part d\u2019Annaba et le d\u00e9routement des vols \u00e0 sa destination. 11 Partages Lire aussi Auteur: LM Cliquez [&hellip;]<\/p>\n","protected":false},"author":1789,"featured_media":49095,"comment_status":"closed","ping_status":"closed","sticky":false,"template":"","format":"standard","meta":{"fifu_image_url":"","fifu_image_alt":"","footnotes":""},"categories":[73,55],"tags":[],"class_list":["post-49094","post","type-post","status-publish","format-standard","has-post-thumbnail","hentry","category-actualite","category-tunisie"],"_links":{"self":[{"href":"https:\/\/linitiative.ca\/International\/wp-json\/wp\/v2\/posts\/49094","targetHints":{"allow":["GET"]}}],"collection":[{"href":"https:\/\/linitiative.ca\/International\/wp-json\/wp\/v2\/posts"}],"about":[{"href":"https:\/\/linitiative.ca\/International\/wp-json\/wp\/v2\/types\/post"}],"author":[{"embeddable":true,"href":"https:\/\/linitiative.ca\/International\/wp-json\/wp\/v2\/users\/1789"}],"replies":[{"embeddable":true,"href":"https:\/\/linitiative.ca\/International\/wp-json\/wp\/v2\/comments?post=49094"}],"version-history":[{"count":0,"href":"https:\/\/linitiative.ca\/International\/wp-json\/wp\/v2\/posts\/49094\/revisions"}],"wp:featuredmedia":[{"embeddable":true,"href":"https:\/\/linitiative.ca\/International\/wp-json\/"}],"wp:attachment":[{"href":"https:\/\/linitiative.ca\/International\/wp-json\/wp\/v2\/media?parent=49094"}],"wp:term":[{"taxonomy":"category","embeddable":true,"href":"https:\/\/linitiative.ca\/International\/wp-json\/wp\/v2\/categories?post=49094"},{"taxonomy":"post_tag","embeddable":true,"href":"https:\/\/linitiative.ca\/International\/wp-json\/wp\/v2\/tags?post=49094"}],"curies":[{"name":"wp","href":"https:\/\/api.w.org\/{rel}","templated":true}]}}