{"id":49096,"date":"2019-07-28T15:11:31","date_gmt":"2019-07-28T19:11:31","guid":{"rendered":"https:\/\/linitiative.ca\/International\/tunisie-ennahdha-se-penchera-a-partir-de-demain-sur-le-choix-de-son-candidat-aux-presidentielles\/"},"modified":"2019-07-28T15:11:31","modified_gmt":"2019-07-28T19:11:31","slug":"tunisie-ennahdha-se-penchera-a-partir-de-demain-sur-le-choix-de-son-candidat-aux-presidentielles","status":"publish","type":"post","link":"https:\/\/linitiative.ca\/International\/tunisie-ennahdha-se-penchera-a-partir-de-demain-sur-le-choix-de-son-candidat-aux-presidentielles\/","title":{"rendered":"Tunisie \u2013 Ennahdha se penchera \u00e0 partir de demain sur le choix de son candidat aux pr\u00e9sidentielles"},"content":{"rendered":"<div class=\"post-cont-in left relative\">\n<div class=\"swp_social_panel swp_horizontal_panel swp_flat_fresh swp_default_full_color swp_individual_full_color swp_other_full_color scale-100 scale-\" data-min-width=\"1100\" data-float-color=\"#ffffff\" data-float=\"none\" data-float-mobile=\"none\" data-transition=\"slide\">\n<div class=\"nc_tweetContainer swp_share_button total_shares total_sharesalt\"><span class=\"swp_count\">45 <span class=\"swp_label\">Partages<\/span><\/span><\/div>\n<\/div>\n<p>Le d\u00e9put\u00e9 du bloc parlementaire Ennahdha, Ajmi Lourimi a annonc\u00e9 que les instances du parti vont commencer \u00e0 partir de demain, lundi, \u00e0 \u00e9tudier les possibilit\u00e9s de pr\u00e9senter leur candidat aux prochaines pr\u00e9sidentielles. Il a ajout\u00e9 que ce candidat pourrait \u00eatre membre d\u2019Ennahdha ou une personnalit\u00e9 \u00e9trang\u00e8re au mouvement.<\/p>\n<div class=\"mvp-org-wrap mvp-org-logo\" itemprop=\"publisher\" itemscope=\"\" itemtype=\"https:\/\/schema.org\/Organization\"><img decoding=\"async\" src=\"https:\/\/www.tunisienumerique.com\/wp-content\/uploads\/2017\/02\/logo_tunisie_numerique.png\"\/><\/div>\n<div class=\"swp_social_panel swp_horizontal_panel swp_flat_fresh swp_default_full_color swp_individual_full_color swp_other_full_color scale-100 scale-\" data-min-width=\"1100\" data-float-color=\"#ffffff\" data-float=\"none\" data-float-mobile=\"none\" data-transition=\"slide\">\n<div class=\"nc_tweetContainer swp_share_button total_shares total_sharesalt\"><span class=\"swp_count\">45 <span class=\"swp_label\">Partages<\/span><\/span><\/div>\n<\/div>\n<div class=\"mvp-related-posts left relative\">\n<h4 class=\"post-header\"><span class=\"post-header\">Lire aussi<\/span><\/h4>\n<\/div>\n<\/div>\n<p>Auteur: LM<br \/>\n<a href=\"https:\/\/www.tunisienumerique.com\/tunisie-ennahdha-se-penchera-a-partir-de-demain-sur-le-choix-de-son-candidat-aux-presidentielles\/\">Cliquez ici pour lire l&rsquo;article depuis sa source.<\/a><\/p>\n","protected":false},"excerpt":{"rendered":"<p>45 Partages Le d\u00e9put\u00e9 du bloc parlementaire Ennahdha, Ajmi Lourimi a annonc\u00e9 que les instances du parti vont commencer \u00e0 partir de demain, lundi, \u00e0 \u00e9tudier les possibilit\u00e9s de pr\u00e9senter leur candidat aux prochaines pr\u00e9sidentielles. Il a ajout\u00e9 que ce candidat pourrait \u00eatre membre d\u2019Ennahdha ou une personnalit\u00e9 \u00e9trang\u00e8re au mouvement. 45 Partages Lire aussi [&hellip;]<\/p>\n","protected":false},"author":1789,"featured_media":49097,"comment_status":"closed","ping_status":"closed","sticky":false,"template":"","format":"standard","meta":{"fifu_image_url":"","fifu_image_alt":"","footnotes":""},"categories":[73,55],"tags":[],"class_list":["post-49096","post","type-post","status-publish","format-standard","has-post-thumbnail","hentry","category-actualite","category-tunisie"],"_links":{"self":[{"href":"https:\/\/linitiative.ca\/International\/wp-json\/wp\/v2\/posts\/49096","targetHints":{"allow":["GET"]}}],"collection":[{"href":"https:\/\/linitiative.ca\/International\/wp-json\/wp\/v2\/posts"}],"about":[{"href":"https:\/\/linitiative.ca\/International\/wp-json\/wp\/v2\/types\/post"}],"author":[{"embeddable":true,"href":"https:\/\/linitiative.ca\/International\/wp-json\/wp\/v2\/users\/1789"}],"replies":[{"embeddable":true,"href":"https:\/\/linitiative.ca\/International\/wp-json\/wp\/v2\/comments?post=49096"}],"version-history":[{"count":0,"href":"https:\/\/linitiative.ca\/International\/wp-json\/wp\/v2\/posts\/49096\/revisions"}],"wp:featuredmedia":[{"embeddable":true,"href":"https:\/\/linitiative.ca\/International\/wp-json\/"}],"wp:attachment":[{"href":"https:\/\/linitiative.ca\/International\/wp-json\/wp\/v2\/media?parent=49096"}],"wp:term":[{"taxonomy":"category","embeddable":true,"href":"https:\/\/linitiative.ca\/International\/wp-json\/wp\/v2\/categories?post=49096"},{"taxonomy":"post_tag","embeddable":true,"href":"https:\/\/linitiative.ca\/International\/wp-json\/wp\/v2\/tags?post=49096"}],"curies":[{"name":"wp","href":"https:\/\/api.w.org\/{rel}","templated":true}]}}