{"id":49104,"date":"2019-07-28T08:50:02","date_gmt":"2019-07-28T12:50:02","guid":{"rendered":"https:\/\/linitiative.ca\/International\/venezuela-caracas-la-vitrine-fait-enrager-maracaibo-la-martyre\/"},"modified":"2019-07-28T08:50:02","modified_gmt":"2019-07-28T12:50:02","slug":"venezuela-caracas-la-vitrine-fait-enrager-maracaibo-la-martyre","status":"publish","type":"post","link":"https:\/\/linitiative.ca\/International\/venezuela-caracas-la-vitrine-fait-enrager-maracaibo-la-martyre\/","title":{"rendered":"Venezuela: Caracas, la \u00ab\u00a0vitrine\u00a0\u00bb, fait enrager Maracaibo, la \u00ab\u00a0martyre\u00a0\u00bb"},"content":{"rendered":"<p>La vid\u00e9o est banale: un homme fait le plein \u00e0 Caracas en cinq minutes. Mais quand on lui montre la sc\u00e8ne sur \u00e9cran portable, Gendry \u00ab\u00a0enrage\u00a0\u00bb. Habitant de Maracaibo, il a d\u00fb attendre trois jours pour se procurer de l\u2019essence. Au Venezuela, la crise n\u2019est pas la m\u00eame partout.<\/p>\n<p>\u00ab\u00a0Je suis indign\u00e9. Nous vivons dans le m\u00eame pays, mais la situation est totalement diff\u00e9rente qu\u2019on vive dans tel endroit ou dans tel autre\u00a0\u00bb, s\u2019\u00e9chauffe Gendry Parra, 44 ans.<\/p>\n<p>Et il \u00e9gr\u00e8ne: chez lui \u00e0 Maracaibo, la deuxi\u00e8me ville du Venezuela avec 3 millions d\u2019habitants, l\u2019eau courante et le gaz n\u2019arrivent plus, les coupures de courant durent jusqu\u2019\u00e0 20 heures par jour et pour faire le plein il faut attendre qu\u2019un \u00e9ventuel camion-citerne vienne remplir les cuves des stations-service.<\/p>\n<p>L\u2019homme de Caracas qui remplit son r\u00e9servoir dans la vid\u00e9o que l\u2019AFP montre \u00e0 Gendry Parra s\u2019appelle Alberto Arriechi. Et il a bien conscience que le geste anodin qu\u2019il accomplit \u00e0 la pompe est hors de port\u00e9e de ses compatriotes de province.<\/p>\n<p>Ils sont durement touch\u00e9s par la p\u00e9nurie d\u2019essence qui frappe le Venezuela depuis avril, caus\u00e9e par la d\u00e9gringolade de la production et le manque de liquidit\u00e9s.<\/p>\n<p>Une fois le r\u00e9servoir rempli, Alberto, qui \u00ab\u00a0remercie Dieu\u00a0\u00bb d\u2019habiter Caracas, n\u2019a qu\u2019\u00e0 payer l\u2019essence \u00e0 la pompe la moins ch\u00e8re du monde: au Venezuela, un dollar permettrait en th\u00e9orie d\u2019acheter\u2026 855 millions de litres d\u2019essence.<\/p>\n<p>Officiellement, \u00e0 Maracaibo aussi les prix de l\u2019essence sont ridiculement bas. Mais pour \u00e9viter d\u2019avoir \u00e0 faire la queue, nombreux sont ceux qui pr\u00e9f\u00e8rent d\u00e9bourser 10 dollars pour acheter un bidon de 20 litres au march\u00e9 noir.<\/p>\n<p>Pas \u00e9tonnant d\u00e8s lors que 8 habitants de Maracaibo sur 10 aient une opinion n\u00e9gative des services de distribution d\u2019eau et d\u2019\u00e9lectricit\u00e9, selon une enqu\u00eate de l\u2019Observatoire des services publics, un institut priv\u00e9.<\/p>\n<p>Le contraste avec Caracas et ses six millions d\u2019habitants est saisissant: trois \u00ab\u00a0Caraque\u00f1os\u00a0\u00bb sur quatre se disent, eux, satisfaits du r\u00e9seau de distribution d\u2019\u00e9nergie.<\/p>\n<p>Preuve suppl\u00e9mentaire de cette disparit\u00e9: la nouvelle panne d\u2019\u00e9lectricit\u00e9 qui a plong\u00e9 le Venezuela dans le noir lundi soir a dur\u00e9 8 heures \u00e0 Caracas, mais jusqu\u2019\u00e0 24 heures dans certaines r\u00e9gions.<\/p>\n<p>\u2013 Le p\u00e9trole, richesse pass\u00e9e \u2013<\/p>\n<p>Dans la chaleur de sa bicoque des bords du Lac de Maracaibo, Johannis Semprun d\u00e9taille ses maux: six enfants, un mari handicap\u00e9, \u00ab\u00a0pas d\u2019eau\u00a0\u00bb, de l\u2019\u00e9lectricit\u00e9 \u00ab\u00a0parfois\u00a0\u00bb et pas de quoi nourrir son monde.<\/p>\n<p>\u00ab\u00a0L\u2019eau courante? Ah!\u00a0\u00bb, fait Johannis, un peu surprise qu\u2019on lui demande. Comme une \u00e9vidence, elle r\u00e9pond: \u00ab\u00a0bah, depuis novembre elle n\u2019arrive plus chez moi\u00a0\u00bb.<\/p>\n<p>Maracaibo, et l\u2019Etat de Zulia (ouest) en g\u00e9n\u00e9ral, sont dans un tel \u00e9tat de d\u00e9labrement \u00e9conomique et social que ses habitants disent vivre un \u00ab\u00a0martyre\u00a0\u00bb.<\/p>\n<p>\u00ab\u00a0Tout a empir\u00e9, avant \u00e7a n\u2019\u00e9tait pas comme \u00e7a\u00a0\u00bb, soupire Johannis en souvenir de la gloire pass\u00e9e de Maracaibo dont le boom date du d\u00e9but du si\u00e8cle dernier, de cette \u00e9poque o\u00f9 a jailli le p\u00e9trole du lac, brut qui a rendu la ville tr\u00e8s riche.<\/p>\n<p>Mais aujourd\u2019hui Maracaibo est frapp\u00e9e de plein fouet par la crise du secteur p\u00e9trolier v\u00e9n\u00e9zu\u00e9lien. De 3,2 millions de barils par jour il y a dix ans, la production a chut\u00e9 \u00e0 moins d\u2019un million. En cause, selon l\u2019opposition au pr\u00e9sident Nicolas Maduro et les syndicats: la corruption et le manque d\u2019entretien des infrastructures, \u00e0 quoi il faut ajouter un embargo am\u00e9ricain sur le brut v\u00e9n\u00e9zu\u00e9lien.<\/p>\n<p>\u00ab\u00a0Maracaibo vivait de l\u2019activit\u00e9 p\u00e9troli\u00e8re et des activit\u00e9s de services qu\u2019elle g\u00e9n\u00e9rait\u00a0\u00bb, explique le politologue Luis Vicente Leon. \u00ab\u00a0Mais quand l\u2019activit\u00e9 p\u00e9troli\u00e8re s\u2019effondre, qui est la premi\u00e8re \u00e0 \u00eatre affect\u00e9e? Maracaibo\u00a0\u00bb.<\/p>\n<p>-15 dollars pour 250 g de caf\u00e9-<\/p>\n<p>Le statut de privil\u00e9gi\u00e9e de Caracas plonge ses racines dans le centralisme v\u00e9n\u00e9zu\u00e9lien accentu\u00e9 aujourd\u2019hui par un \u00ab\u00a0parti pris\u00a0\u00bb du gouvernement, explique Andres Canizalez, expert en communication politique.<\/p>\n<p>\u00ab\u00a0Il y a cette id\u00e9e que si Caracas est touch\u00e9e par une explosion sociale, elle pourrait s\u2019\u00e9tendre \u00e0 tout le pays\u00a0\u00bb, dit-il. \u00ab\u00a0Cela conforte l\u2019id\u00e9e que si \u00e0 Caracas on vit relativement bien, s\u2019il n\u2019y a pas de r\u00e9bellion, le reste du pays aussi fonctionnera de fa\u00e7on satisfaisante\u00a0\u00bb.<\/p>\n<p>La capitale remplit aussi cette fonction de \u00ab\u00a0vitrine\u00a0\u00bb pour faire illusion face aux \u00e9trangers et aux diplomates qui y vivent, r\u00e9sume Andres Canizalez.<\/p>\n<p>Dans les faits, les supermarch\u00e9s de Caracas sont relativement bien fournis et les files d\u2019attente y sont rares. Et, surtout, des \u00ab\u00a0bodegones\u00a0\u00bb proposent des produits import\u00e9s, en dollars.<\/p>\n<p>Mais l\u00e0, la diff\u00e9rence entre V\u00e9n\u00e9zu\u00e9liens n\u2019est pas g\u00e9ographique, elle est sociale.<\/p>\n<p>Peu d\u2019habitants de la capitale peuvent en effet s\u2019offrir des fromages fran\u00e7ais ou des vins chiliens avec leurs salaires et l\u2019hyperinflation qui devrait atteindre les 10.000.000% cette ann\u00e9e, selon le FMI.<\/p>\n<p>\u00ab\u00a0Ca me met en col\u00e8re!\u00a0\u00bb, tonne Josefina Galindo, une femme de m\u00e9nage de 49 ans, en d\u00e9couvrant le prix (15 dollars) affich\u00e9 dans un \u00ab\u00a0bodegon\u00a0\u00bb pour 250 g de caf\u00e9. Son salaire mensuel \u00e9quivaut \u00e0 9 dollars et elle a l\u2019impression de travailler \u00ab\u00a0gratuitement\u00a0\u00bb.<\/p>\n<p>Auteur: AFP<br \/>\n<a href=\"https:\/\/www.journalducameroun.com\/venezuela-caracas-la-vitrine-fait-enrager-maracaibo-la-martyre\/\">Cliquez ici pour lire l&rsquo;article depuis sa source.<\/a><\/p>\n","protected":false},"excerpt":{"rendered":"<p>La vid\u00e9o est banale: un homme fait le plein \u00e0 Caracas en cinq minutes. Mais quand on lui montre la sc\u00e8ne sur \u00e9cran portable, Gendry \u00ab\u00a0enrage\u00a0\u00bb. Habitant de Maracaibo, il a d\u00fb attendre trois jours pour se procurer de l\u2019essence. Au Venezuela, la crise n\u2019est pas la m\u00eame partout. \u00ab\u00a0Je suis indign\u00e9. Nous vivons dans [&hellip;]<\/p>\n","protected":false},"author":1965,"featured_media":0,"comment_status":"closed","ping_status":"closed","sticky":false,"template":"","format":"standard","meta":{"fifu_image_url":"","fifu_image_alt":"","footnotes":""},"categories":[73,82],"tags":[],"class_list":["post-49104","post","type-post","status-publish","format-standard","hentry","category-actualite","category-cameroun"],"_links":{"self":[{"href":"https:\/\/linitiative.ca\/International\/wp-json\/wp\/v2\/posts\/49104","targetHints":{"allow":["GET"]}}],"collection":[{"href":"https:\/\/linitiative.ca\/International\/wp-json\/wp\/v2\/posts"}],"about":[{"href":"https:\/\/linitiative.ca\/International\/wp-json\/wp\/v2\/types\/post"}],"author":[{"embeddable":true,"href":"https:\/\/linitiative.ca\/International\/wp-json\/wp\/v2\/users\/1965"}],"replies":[{"embeddable":true,"href":"https:\/\/linitiative.ca\/International\/wp-json\/wp\/v2\/comments?post=49104"}],"version-history":[{"count":0,"href":"https:\/\/linitiative.ca\/International\/wp-json\/wp\/v2\/posts\/49104\/revisions"}],"wp:attachment":[{"href":"https:\/\/linitiative.ca\/International\/wp-json\/wp\/v2\/media?parent=49104"}],"wp:term":[{"taxonomy":"category","embeddable":true,"href":"https:\/\/linitiative.ca\/International\/wp-json\/wp\/v2\/categories?post=49104"},{"taxonomy":"post_tag","embeddable":true,"href":"https:\/\/linitiative.ca\/International\/wp-json\/wp\/v2\/tags?post=49104"}],"curies":[{"name":"wp","href":"https:\/\/api.w.org\/{rel}","templated":true}]}}