{"id":49105,"date":"2019-07-28T09:18:03","date_gmt":"2019-07-28T13:18:03","guid":{"rendered":"https:\/\/linitiative.ca\/International\/arhur-boua-elu-nouveau-president-de-la-federation-ivoirienne-de-boxe\/"},"modified":"2019-07-28T09:18:03","modified_gmt":"2019-07-28T13:18:03","slug":"arhur-boua-elu-nouveau-president-de-la-federation-ivoirienne-de-boxe","status":"publish","type":"post","link":"https:\/\/linitiative.ca\/International\/arhur-boua-elu-nouveau-president-de-la-federation-ivoirienne-de-boxe\/","title":{"rendered":"Arhur Boua, \u00e9lu nouveau pr\u00e9sident de la f\u00e9d\u00e9ration ivoirienne de boxe"},"content":{"rendered":"<div readability=\"32\">\n<p>Publi\u00e9 le 28.07.2019 \u00e0 14h18 par APA News<\/p>\n<\/div>\n<div readability=\"51\">\n<p>Arthur Emmanuel Boua a \u00e9t\u00e9 \u00e9lu pr\u00e9sident de la F\u00e9d\u00e9ration ivoirienne de boxe (FIB) pour un mandat de quatre ans, \u00e0 l\u2019issue de l\u2019Assembl\u00e9e g\u00e9n\u00e9rale \u00e9lective, samedi, au Palais des Sports de TreichvilleM. \u00a0Boua a obtenu 11 voix contre 4 pour son adversaire, le g\u00e9n\u00e9ral Gaoussou \u00a0Soumahoro (pr\u00e9sident sortant) sur les quinze suffrages exprim\u00e9s.<\/p>\n<p>Pr\u00e9c\u00e9demment membre du bureau de l\u2019\u00e9quipe du pr\u00e9sident Soumahoro, le nouveau pr\u00e9sident de la FIB a, \u00e9galement, appartenu aux comit\u00e9s directeurs des pr\u00e9sidents Ars\u00e8ne Yobouet et Rash N\u2019guessan Kouassi.<\/p>\n<p>C\u2019est, donc, \u00e0 un homme d\u2019exp\u00e9rience que les clubs ivoiriens ont confi\u00e9 la f\u00e9d\u00e9ration pour redorer le blason du noble art ivoirien.<\/p>\n<\/div>\n<p>Auteur: APA News<br \/>\n<a href=\"https:\/\/www.journalducameroun.com\/arhur-boua-elu-nouveau-president-de-la-federation-ivoirienne-de-boxe\/\">Cliquez ici pour lire l&rsquo;article depuis sa source.<\/a><\/p>\n","protected":false},"excerpt":{"rendered":"<p>Publi\u00e9 le 28.07.2019 \u00e0 14h18 par APA News Arthur Emmanuel Boua a \u00e9t\u00e9 \u00e9lu pr\u00e9sident de la F\u00e9d\u00e9ration ivoirienne de boxe (FIB) pour un mandat de quatre ans, \u00e0 l\u2019issue de l\u2019Assembl\u00e9e g\u00e9n\u00e9rale \u00e9lective, samedi, au Palais des Sports de TreichvilleM. \u00a0Boua a obtenu 11 voix contre 4 pour son adversaire, le g\u00e9n\u00e9ral Gaoussou \u00a0Soumahoro [&hellip;]<\/p>\n","protected":false},"author":1965,"featured_media":0,"comment_status":"closed","ping_status":"closed","sticky":false,"template":"","format":"standard","meta":{"fifu_image_url":"","fifu_image_alt":"","footnotes":""},"categories":[73,82],"tags":[],"class_list":["post-49105","post","type-post","status-publish","format-standard","hentry","category-actualite","category-cameroun"],"_links":{"self":[{"href":"https:\/\/linitiative.ca\/International\/wp-json\/wp\/v2\/posts\/49105","targetHints":{"allow":["GET"]}}],"collection":[{"href":"https:\/\/linitiative.ca\/International\/wp-json\/wp\/v2\/posts"}],"about":[{"href":"https:\/\/linitiative.ca\/International\/wp-json\/wp\/v2\/types\/post"}],"author":[{"embeddable":true,"href":"https:\/\/linitiative.ca\/International\/wp-json\/wp\/v2\/users\/1965"}],"replies":[{"embeddable":true,"href":"https:\/\/linitiative.ca\/International\/wp-json\/wp\/v2\/comments?post=49105"}],"version-history":[{"count":0,"href":"https:\/\/linitiative.ca\/International\/wp-json\/wp\/v2\/posts\/49105\/revisions"}],"wp:attachment":[{"href":"https:\/\/linitiative.ca\/International\/wp-json\/wp\/v2\/media?parent=49105"}],"wp:term":[{"taxonomy":"category","embeddable":true,"href":"https:\/\/linitiative.ca\/International\/wp-json\/wp\/v2\/categories?post=49105"},{"taxonomy":"post_tag","embeddable":true,"href":"https:\/\/linitiative.ca\/International\/wp-json\/wp\/v2\/tags?post=49105"}],"curies":[{"name":"wp","href":"https:\/\/api.w.org\/{rel}","templated":true}]}}