{"id":49106,"date":"2019-07-28T09:50:02","date_gmt":"2019-07-28T13:50:02","guid":{"rendered":"https:\/\/linitiative.ca\/International\/trump-defend-et-renouvelle-ses-attaques-contre-baltimore-et-un-elu-noir\/"},"modified":"2019-07-28T09:50:02","modified_gmt":"2019-07-28T13:50:02","slug":"trump-defend-et-renouvelle-ses-attaques-contre-baltimore-et-un-elu-noir","status":"publish","type":"post","link":"https:\/\/linitiative.ca\/International\/trump-defend-et-renouvelle-ses-attaques-contre-baltimore-et-un-elu-noir\/","title":{"rendered":"Trump d\u00e9fend et renouvelle ses attaques contre Baltimore et un \u00e9lu noir"},"content":{"rendered":"<div readability=\"32\">\n<p>Publi\u00e9 le 28.07.2019 \u00e0 14h50 par AFP<\/p>\n<\/div>\n<div readability=\"91\">\n<p>Le pr\u00e9sident am\u00e9ricain Donald Trump, de nouveau accus\u00e9 de racisme apr\u00e8s une s\u00e9rie d\u2019attaques contre un \u00e9lu noir et la ville de Baltimore, s\u2019est d\u00e9fendu dimanche matin en reprenant de plus belle ses critiques contre l\u2019opposition d\u00e9mocrate.<\/p>\n<p>\u00ab\u00a0Les d\u00e9mocrates jouent toujours la carte du racisme, alors qu\u2019ils ont en r\u00e9alit\u00e9 fait si peu pour les formidables Afro-Am\u00e9ricains de notre pays\u00a0\u00bb, a-t-il \u00e9crit sur Twitter.<\/p>\n<p>Le milliardaire r\u00e9publicain s\u2019en \u00e9tait violemment pris la veille \u00e0 Elijah Cummings, \u00e9lu d\u00e9mocrate du Maryland \u00e0 la Chambre des repr\u00e9sentants. Sa circonscription couvre une large partie de Baltimore, ville industrielle majoritairement noire, min\u00e9e par les probl\u00e8mes sociaux, la drogue et la violence.<\/p>\n<p>\u00ab\u00a0Le district de Cummings est un d\u00e9sordre d\u00e9go\u00fbtant, infest\u00e9 de rats et autres rongeurs (\u2026) Aucun \u00eatre humain ne voudrait y vivre\u00a0\u00bb, avait notamment d\u00e9nonc\u00e9 M. Trump.<\/p>\n<p>Des attaques jug\u00e9es \u00ab\u00a0racistes\u00a0\u00bb par la chef des d\u00e9mocrates \u00e0 la Chambre des repr\u00e9sentants, Nancy Pelosi, elle-m\u00eame native de Baltimore, mais \u00e9lue de Californie.<\/p>\n<p>\u00ab\u00a0Que quelqu\u2019un explique \u00e0 Nancy Pelosi, r\u00e9cemment qualifi\u00e9e de raciste par certains au sein de son propre parti, qu\u2019il n\u2019y a rien de mal \u00e0 souligner l\u2019\u00e9vidence: le repr\u00e9sentant Elijah Cummings a fait du tr\u00e8s mauvais travail pour son district et la ville de Baltimore\u00a0\u00bb, a r\u00e9pondu le pr\u00e9sident dimanche matin.<\/p>\n<p>\u00ab\u00a0En parlant d\u2019\u00e9checs cuisants, est-ce que quelqu\u2019un a vu ce qu\u2019est en train de devenir le district de Nancy Pelosi \u00e0 San Francisco. Il est m\u00e9connaissable derni\u00e8rement\u00a0\u00bb, a-t-il poursuivi.<\/p>\n<p>Les propos de M. Trump avaient provoqu\u00e9 samedi une vol\u00e9e de r\u00e9ponses indign\u00e9es, moins de deux semaines apr\u00e8s qu\u2019il eut invit\u00e9 quatre \u00e9lues d\u00e9mocrates issues de minorit\u00e9s \u00e0 \u00ab\u00a0retourner\u00a0\u00bb d\u2019o\u00f9 elles venaient.<\/p>\n<p>\u00ab\u00a0Vous avez prouv\u00e9 une fois de plus que vous n\u2019\u00e9tiez pas \u00e0 la hauteur de la fonction. Un pr\u00e9sident doit tirer le pays vers le haut. Pas le d\u00e9chirer\u00a0\u00bb, l\u2019avait notamment apostroph\u00e9 l\u2019ancien vice-pr\u00e9sident Joe Biden, en t\u00eate selon les sondages dans la course \u00e0 l\u2019investiture d\u00e9mocrate pour l\u2019\u00e9lection pr\u00e9sidentielle de 2020.<\/p>\n<p>\u00ab\u00a0Il vaut mieux avoir quelques rats que d\u2019en \u00eatre un\u00a0\u00bb, a pour sa part \u00e9crit le journal local Baltimore Sun dans un \u00e9ditorial au vitriol.<\/p>\n<\/div>\n<p>Auteur: AFP<br \/>\n<a href=\"https:\/\/www.journalducameroun.com\/trump-defend-et-renouvelle-ses-attaques-contre-baltimore-et-un-elu-noir\/\">Cliquez ici pour lire l&rsquo;article depuis sa source.<\/a><\/p>\n","protected":false},"excerpt":{"rendered":"<p>Publi\u00e9 le 28.07.2019 \u00e0 14h50 par AFP Le pr\u00e9sident am\u00e9ricain Donald Trump, de nouveau accus\u00e9 de racisme apr\u00e8s une s\u00e9rie d\u2019attaques contre un \u00e9lu noir et la ville de Baltimore, s\u2019est d\u00e9fendu dimanche matin en reprenant de plus belle ses critiques contre l\u2019opposition d\u00e9mocrate. \u00ab\u00a0Les d\u00e9mocrates jouent toujours la carte du racisme, alors qu\u2019ils ont [&hellip;]<\/p>\n","protected":false},"author":1965,"featured_media":0,"comment_status":"closed","ping_status":"closed","sticky":false,"template":"","format":"standard","meta":{"fifu_image_url":"","fifu_image_alt":"","footnotes":""},"categories":[73,82],"tags":[],"class_list":["post-49106","post","type-post","status-publish","format-standard","hentry","category-actualite","category-cameroun"],"_links":{"self":[{"href":"https:\/\/linitiative.ca\/International\/wp-json\/wp\/v2\/posts\/49106","targetHints":{"allow":["GET"]}}],"collection":[{"href":"https:\/\/linitiative.ca\/International\/wp-json\/wp\/v2\/posts"}],"about":[{"href":"https:\/\/linitiative.ca\/International\/wp-json\/wp\/v2\/types\/post"}],"author":[{"embeddable":true,"href":"https:\/\/linitiative.ca\/International\/wp-json\/wp\/v2\/users\/1965"}],"replies":[{"embeddable":true,"href":"https:\/\/linitiative.ca\/International\/wp-json\/wp\/v2\/comments?post=49106"}],"version-history":[{"count":0,"href":"https:\/\/linitiative.ca\/International\/wp-json\/wp\/v2\/posts\/49106\/revisions"}],"wp:attachment":[{"href":"https:\/\/linitiative.ca\/International\/wp-json\/wp\/v2\/media?parent=49106"}],"wp:term":[{"taxonomy":"category","embeddable":true,"href":"https:\/\/linitiative.ca\/International\/wp-json\/wp\/v2\/categories?post=49106"},{"taxonomy":"post_tag","embeddable":true,"href":"https:\/\/linitiative.ca\/International\/wp-json\/wp\/v2\/tags?post=49106"}],"curies":[{"name":"wp","href":"https:\/\/api.w.org\/{rel}","templated":true}]}}