{"id":49108,"date":"2019-07-28T10:50:02","date_gmt":"2019-07-28T14:50:02","guid":{"rendered":"https:\/\/linitiative.ca\/International\/russie-pres-de-1-400-arrestations-samedi-a-moscou-selon-une-ong\/"},"modified":"2019-07-28T10:50:02","modified_gmt":"2019-07-28T14:50:02","slug":"russie-pres-de-1-400-arrestations-samedi-a-moscou-selon-une-ong","status":"publish","type":"post","link":"https:\/\/linitiative.ca\/International\/russie-pres-de-1-400-arrestations-samedi-a-moscou-selon-une-ong\/","title":{"rendered":"Russie: pr\u00e8s de 1.400 arrestations samedi \u00e0 Moscou selon une ONG"},"content":{"rendered":"<div readability=\"32\">\n<p>Publi\u00e9 le 28.07.2019 \u00e0 15h50 par AFP<\/p>\n<\/div>\n<div readability=\"113\">\n<p>La police russe a arr\u00eat\u00e9 1.373 personnes qui manifestaient samedi \u00e0 Moscou pour des \u00e9lections libres, selon un bilan donn\u00e9 dimanche par l\u2019ONG OVD-Info, sp\u00e9cialis\u00e9e dans le suivi des manifestations.<\/p>\n<p>Il s\u2019agit, selon l\u2019ONG, du plus grand nombre d\u2019arrestations depuis le mouvement de contestation de 2012 contre le retour au Kremlin de Vladimir Poutine.<\/p>\n<p>Selon les chiffres officiels de la police de Moscou, quelque 3.500 personnes, dont environ 700 journalistes professionnels et blogueurs, \u00e9taient pr\u00e9sentes samedi \u00e0 la manifestation. La police avait fait \u00e9tat samedi de 1.074 arrestations \u00ab\u00a0pour des infractions diverses\u00a0\u00bb.<\/p>\n<p>L\u2019opposition d\u00e9nonce le rejet des candidatures ind\u00e9pendantes en vue des \u00e9lections locales du 8 septembre, qui s\u2019annoncent difficiles pour les candidats soutenant le pouvoir dans un contexte de grogne sociale.<\/p>\n<p>La manifestation de samedi, devant la mairie de Moscou, intervenait apr\u00e8s un rassemblement ayant r\u00e9uni 22.000 personnes le dimanche pr\u00e9c\u00e9dent, du jamais vu depuis la contestation de 2012.<\/p>\n<p>Plusieurs arrestations ont \u00e9t\u00e9 violentes samedi, de nombreux manifestants ayant notamment \u00e9t\u00e9 bless\u00e9s \u00e0 la t\u00eate, selon des journalistes de l\u2019AFP.<\/p>\n<p>L\u2019ambassade des Etats-Unis en Russie a d\u00e9nonc\u00e9 l\u2019usage \u00ab\u00a0disproportionn\u00e9 de la force polici\u00e8re\u00a0\u00bb. \u00ab\u00a0La violence et les arrestations sapent le droit des citoyens \u00e0 participer au processus d\u00e9mocratique\u00a0\u00bb, a tweet\u00e9 la porte-parole de l\u2019ambassade Andrea Kalan.<\/p>\n<p>De son c\u00f4t\u00e9, l\u2019Union europ\u00e9enne a fustig\u00e9 cette vague d\u2019arrestations. \u00ab\u00a0Ces d\u00e9tentions et le recours disproportionn\u00e9 \u00e0 la force contre des manifestants pacifiques (\u2026) portent une fois de plus gravement atteinte aux libert\u00e9s fondamentales d\u2019expression, d\u2019association et de r\u00e9union\u00a0\u00bb, selon un communiqu\u00e9 dimanche citant la porte-parole de la cheffe de la diplomatie europ\u00e9enne Federica Mogherini.<\/p>\n<p>L\u2019ONG Amnesty International a d\u00e9nonc\u00e9 samedi soir un \u00ab\u00a0recours \u00e0 la force excessif\u00a0\u00bb de la police russe, appelant \u00e0 une \u00ab\u00a0lib\u00e9ration imm\u00e9diate des protestataires pacifiques\u00a0\u00bb.<\/p>\n<p>L\u2019opposant Ilia Iachine a annonc\u00e9 une \u00ab\u00a0nouvelle manifestation d\u2019ampleur\u00a0\u00bb \u00e0 Moscou pour le 3 ao\u00fbt.<\/p>\n<p>Plusieurs figures de l\u2019opposition avaient \u00e9t\u00e9 interpell\u00e9es en matin\u00e9e avant le rassemblement.<\/p>\n<p>Les domiciles et les permanences de plusieurs candidats exclus avaient \u00e9t\u00e9 perquisitionn\u00e9s par avance et, mercredi, l\u2019opposant num\u00e9ro un au Kremlin Alexe\u00ef Navalny avait \u00e9t\u00e9 renvoy\u00e9 en prison pour 30 jours pour des infractions aux \u00ab\u00a0r\u00e8gles des manifestations\u00a0\u00bb.<\/p>\n<p>Ces proc\u00e9dures font suite \u00e0 l\u2019ouverture d\u2019une enqu\u00eate pour \u00ab\u00a0entrave au travail de la Commission \u00e9lectorale\u00a0\u00bb de Moscou au cours de manifestations mi-juillet. Elles peuvent aboutir \u00e0 des peines atteignant cinq ans de prison, rappelant les s\u00e9v\u00e8res condamnations prononc\u00e9es au moment du mouvement de 2011-2012 contre le retour \u00e0 la pr\u00e9sidence de Vladimir Poutine.<\/p>\n<p>Dimanche, M. Navalny a \u00e9t\u00e9 hospitalis\u00e9 depuis sa cellule en raison d\u2019une \u00ab\u00a0grave r\u00e9action allergique\u00a0\u00bb, selon sa porte-parole. Celle-ci a toutefois soulign\u00e9 que l\u2019opposant n\u2019avait jamais souffert de cette allergie.<\/p>\n<p>L\u00e9onide Volkov, un alli\u00e9 d\u2019Alexe\u00ef Navalny, a indiqu\u00e9 \u00e0 la presse qu\u2019il avait eu une r\u00e9action allergique similaire alors qu\u2019il purgeait sa peine, lui aussi, dans la m\u00eame prison le mois dernier. Il assure cependant que cette r\u00e9action est provoqu\u00e9e plut\u00f4t par les mauvaises conditions d\u2019hygi\u00e9ne que par un \u00ab\u00a0complot\u00a0\u00bb.<\/p>\n<\/div>\n<p>Auteur: AFP<br \/>\n<a href=\"https:\/\/www.journalducameroun.com\/russie-pres-de-1-400-arrestations-samedi-a-moscou-selon-une-ong\/\">Cliquez ici pour lire l&rsquo;article depuis sa source.<\/a><\/p>\n","protected":false},"excerpt":{"rendered":"<p>Publi\u00e9 le 28.07.2019 \u00e0 15h50 par AFP La police russe a arr\u00eat\u00e9 1.373 personnes qui manifestaient samedi \u00e0 Moscou pour des \u00e9lections libres, selon un bilan donn\u00e9 dimanche par l\u2019ONG OVD-Info, sp\u00e9cialis\u00e9e dans le suivi des manifestations. Il s\u2019agit, selon l\u2019ONG, du plus grand nombre d\u2019arrestations depuis le mouvement de contestation de 2012 contre le [&hellip;]<\/p>\n","protected":false},"author":1965,"featured_media":0,"comment_status":"closed","ping_status":"closed","sticky":false,"template":"","format":"standard","meta":{"fifu_image_url":"","fifu_image_alt":"","footnotes":""},"categories":[73,82],"tags":[],"class_list":["post-49108","post","type-post","status-publish","format-standard","hentry","category-actualite","category-cameroun"],"_links":{"self":[{"href":"https:\/\/linitiative.ca\/International\/wp-json\/wp\/v2\/posts\/49108","targetHints":{"allow":["GET"]}}],"collection":[{"href":"https:\/\/linitiative.ca\/International\/wp-json\/wp\/v2\/posts"}],"about":[{"href":"https:\/\/linitiative.ca\/International\/wp-json\/wp\/v2\/types\/post"}],"author":[{"embeddable":true,"href":"https:\/\/linitiative.ca\/International\/wp-json\/wp\/v2\/users\/1965"}],"replies":[{"embeddable":true,"href":"https:\/\/linitiative.ca\/International\/wp-json\/wp\/v2\/comments?post=49108"}],"version-history":[{"count":0,"href":"https:\/\/linitiative.ca\/International\/wp-json\/wp\/v2\/posts\/49108\/revisions"}],"wp:attachment":[{"href":"https:\/\/linitiative.ca\/International\/wp-json\/wp\/v2\/media?parent=49108"}],"wp:term":[{"taxonomy":"category","embeddable":true,"href":"https:\/\/linitiative.ca\/International\/wp-json\/wp\/v2\/categories?post=49108"},{"taxonomy":"post_tag","embeddable":true,"href":"https:\/\/linitiative.ca\/International\/wp-json\/wp\/v2\/tags?post=49108"}],"curies":[{"name":"wp","href":"https:\/\/api.w.org\/{rel}","templated":true}]}}