{"id":49109,"date":"2019-07-28T11:18:02","date_gmt":"2019-07-28T15:18:02","guid":{"rendered":"https:\/\/linitiative.ca\/International\/livoirien-bakari-diaby-elu-a-la-tete-de-la-cadha-pour-5-ans\/"},"modified":"2019-07-28T11:18:02","modified_gmt":"2019-07-28T15:18:02","slug":"livoirien-bakari-diaby-elu-a-la-tete-de-la-cadha-pour-5-ans","status":"publish","type":"post","link":"https:\/\/linitiative.ca\/International\/livoirien-bakari-diaby-elu-a-la-tete-de-la-cadha-pour-5-ans\/","title":{"rendered":"L\u2019Ivoirien Bakari Diaby \u00e9lu \u00e0 la t\u00eate de la CADHA pour 5 ans"},"content":{"rendered":"<div readability=\"32\">\n<p>Publi\u00e9 le 28.07.2019 \u00e0 16h18 par APA News<\/p>\n<\/div>\n<div readability=\"61\">\n<p>L\u2019Ivoirien Bakari Sidiki Diaby a \u00e9t\u00e9 \u00e9lu pour un mandat de cinq ans \u00e0 la t\u00eate de la Coordination africaine des droits de l\u2019homme pour les arm\u00e9es (CADHA), une organisation non gouvernementale panafricaine qui vise \u00e0 renforcer les comp\u00e9tences des forces arm\u00e9es et de s\u00e9curit\u00e9 en droits de l\u2019homme, a-t-on appris dimanche sur place dans la capitale \u00e9conomique ivoirienne.Selon une note d\u2019information transmise dimanche \u00e0 APA, le mandat de la \u00a0CADHA est de renforcer les comp\u00e9tences des forces arm\u00e9es et de s\u00e9curit\u00e9 \u00a0en droits de l\u2019homme et en droit international humanitaire.<\/p>\n<p>\u00a0\u00ab Il est bon \u00a0de savoir que la CADHA a contribu\u00e9 \u00e0 d\u00e9lister \u00a0la C\u00f4te d\u2019Ivoire de la \u00a0liste des pays o\u00f9 les forces arm\u00e9es sont auteures de violences sexuelles \u00a0li\u00e9es aux conflits depuis 2018\u00bb, explique la m\u00eame source.\u00a0<\/p>\n<p>M. Diaby, \u00a0rappelle-t-on, a \u00e9t\u00e9 \u00e9lu au terme de la deuxi\u00e8me assembl\u00e9e g\u00e9n\u00e9rale \u00a0ordinaire de cette organisation tenue vendredi et samedi \u00e0 Abidjan.\u00a0<\/p>\n<p>Secr\u00e9taire permanent du R\u00e9seau des institutions nationales des droits de l\u2019homme des pays membres de l\u2019espace \u00a0de l\u2019Union \u00e9conomique et mon\u00e9taire ouest-africaine (UEMOA), Diaby Bakari est \u00e9galement expert-membre du Comit\u00e9 pour l\u2019\u00e9limination de toutes les formes de discrimination raciale (CERD) de l\u2019ONU.<\/p>\n<p>La \u00a0CADHA est une organisation non gouvernementale panafricaine cr\u00e9\u00e9e en \u00a02011 et regroupant 12 pays d\u2019Afrique dont la C\u00f4te d\u2019Ivoire. Elle s\u2019est \u00a0fix\u00e9e pour objectif, la coordination de toutes les actions de promotion \u00a0des droits de l\u2019homme et du droit international humanitaire, entreprises \u00a0par les organisations humanitaires et la soci\u00e9t\u00e9 civile au profit des \u00a0forces de d\u00e9fense et de s\u00e9curit\u00e9.<\/p>\n<\/div>\n<p>Auteur: APA News<br \/>\n<a href=\"https:\/\/www.journalducameroun.com\/livoirien-bakari-diaby-elu-a-la-tete-de-la-cadha-pour-5-ans\/\">Cliquez ici pour lire l&rsquo;article depuis sa source.<\/a><\/p>\n","protected":false},"excerpt":{"rendered":"<p>Publi\u00e9 le 28.07.2019 \u00e0 16h18 par APA News L\u2019Ivoirien Bakari Sidiki Diaby a \u00e9t\u00e9 \u00e9lu pour un mandat de cinq ans \u00e0 la t\u00eate de la Coordination africaine des droits de l\u2019homme pour les arm\u00e9es (CADHA), une organisation non gouvernementale panafricaine qui vise \u00e0 renforcer les comp\u00e9tences des forces arm\u00e9es et de s\u00e9curit\u00e9 en droits [&hellip;]<\/p>\n","protected":false},"author":1965,"featured_media":0,"comment_status":"closed","ping_status":"closed","sticky":false,"template":"","format":"standard","meta":{"fifu_image_url":"","fifu_image_alt":"","footnotes":""},"categories":[73,82],"tags":[],"class_list":["post-49109","post","type-post","status-publish","format-standard","hentry","category-actualite","category-cameroun"],"_links":{"self":[{"href":"https:\/\/linitiative.ca\/International\/wp-json\/wp\/v2\/posts\/49109","targetHints":{"allow":["GET"]}}],"collection":[{"href":"https:\/\/linitiative.ca\/International\/wp-json\/wp\/v2\/posts"}],"about":[{"href":"https:\/\/linitiative.ca\/International\/wp-json\/wp\/v2\/types\/post"}],"author":[{"embeddable":true,"href":"https:\/\/linitiative.ca\/International\/wp-json\/wp\/v2\/users\/1965"}],"replies":[{"embeddable":true,"href":"https:\/\/linitiative.ca\/International\/wp-json\/wp\/v2\/comments?post=49109"}],"version-history":[{"count":0,"href":"https:\/\/linitiative.ca\/International\/wp-json\/wp\/v2\/posts\/49109\/revisions"}],"wp:attachment":[{"href":"https:\/\/linitiative.ca\/International\/wp-json\/wp\/v2\/media?parent=49109"}],"wp:term":[{"taxonomy":"category","embeddable":true,"href":"https:\/\/linitiative.ca\/International\/wp-json\/wp\/v2\/categories?post=49109"},{"taxonomy":"post_tag","embeddable":true,"href":"https:\/\/linitiative.ca\/International\/wp-json\/wp\/v2\/tags?post=49109"}],"curies":[{"name":"wp","href":"https:\/\/api.w.org\/{rel}","templated":true}]}}