{"id":49110,"date":"2019-07-28T13:50:01","date_gmt":"2019-07-28T17:50:01","guid":{"rendered":"https:\/\/linitiative.ca\/International\/roumanie-un-suspect-reconnait-avoir-tue-deux-adolescentes-une-affaire-qui-a-choque-le-pays\/"},"modified":"2019-07-28T13:50:01","modified_gmt":"2019-07-28T17:50:01","slug":"roumanie-un-suspect-reconnait-avoir-tue-deux-adolescentes-une-affaire-qui-a-choque-le-pays","status":"publish","type":"post","link":"https:\/\/linitiative.ca\/International\/roumanie-un-suspect-reconnait-avoir-tue-deux-adolescentes-une-affaire-qui-a-choque-le-pays\/","title":{"rendered":"Roumanie: un suspect reconna\u00eet avoir tu\u00e9 deux adolescentes, une affaire qui a choqu\u00e9 le pays"},"content":{"rendered":"<div readability=\"32\">\n<p>Publi\u00e9 le 28.07.2019 \u00e0 18h50 par AFP<\/p>\n<\/div>\n<div readability=\"156\">\n<p>Un suspect a reconnu dimanche avoir tu\u00e9 deux adolescentes qu\u2019il avait s\u00e9questr\u00e9es, selon son avocat, une affaire sordide qui a choqu\u00e9 la Roumanie et mis en lumi\u00e8re de graves failles au sein de la police, dont le chef a \u00e9t\u00e9 limog\u00e9.<\/p>\n<p>Gheorghe Dinca, un m\u00e9canicien de 65 ans, a \u00e9t\u00e9 arr\u00eat\u00e9 samedi et plac\u00e9 en d\u00e9tention provisoire pour 30 jours, en lien avec la disparition mercredi d\u2019une jeune fille de 15 ans, Alexandra, que les policiers n\u2019ont pas r\u00e9ussi \u00e0 secourir malgr\u00e9 des \u00e9l\u00e9ments qui auraient d\u00fb les conduire au suspect.<\/p>\n<p>Apr\u00e8s avoir obstin\u00e9ment refus\u00e9 de r\u00e9pondre aux questions des enqu\u00eateurs pendant plus de 24 heures, ce dernier \u00ab\u00a0a reconnu les faits. Il s\u2019agit de deux adolescentes\u00a0\u00bb, a d\u00e9clar\u00e9 dimanche son avocat, Alexandru Bogdan, aux journalistes.<\/p>\n<p>Des restes humains calcin\u00e9s, dont des dents, ainsi que des bijoux ont \u00e9t\u00e9 retrouv\u00e9s dans un f\u00fbt en t\u00f4le derri\u00e8re la maison du suspect, \u00e0 Caracal dans le sud de la Roumanie, ont indiqu\u00e9 les procureurs.<\/p>\n<p>Depuis les premi\u00e8res fouilles de la maison et du jardin de cet homme solide aux yeux bleus, des dizaines de personnes se sont mass\u00e9es devant son domicile, accusant les policiers d&rsquo;\u00a0\u00bbincomp\u00e9tence\u00a0\u00bb.<\/p>\n<p>La col\u00e8re est mont\u00e9e d\u2019un cran lorsqu\u2019un couple a racont\u00e9 avoir signal\u00e9 en avril la disparition dans la m\u00eame r\u00e9gion de leur fille de 19 ans, Luiza. La police avait rechign\u00e9 \u00e0 ouvrir une enqu\u00eate, assurant que la jeune fille avait sans doute fait une fugue \u00ab\u00a0au bras d\u2019un prince charmant\u00a0\u00bb, a racont\u00e9 la famille.<\/p>\n<p>Selon l\u2019avocat, Luiza serait la deuxi\u00e8me victime du suspect.<\/p>\n<p>\u00ab\u00a0Mon client a affirm\u00e9 que les deux adolescentes l\u2019avaient accompagn\u00e9 de leur plein gr\u00e9 mais dans les deux cas, un conflit avait \u00e9clat\u00e9 peu apr\u00e8s et il les avait frapp\u00e9es, les coups entra\u00eenant leur mort\u00a0\u00bb, a ajout\u00e9 l\u2019avocat.<\/p>\n<p>Les fouilles se poursuivaient dimanche, alors que les deux corps n\u2019ont pas \u00e9t\u00e9 retrouv\u00e9s.<\/p>\n<p>\u2013 Bourdes \u2013<\/p>\n<p>Cette affaire a co\u00fbt\u00e9 leur poste au chef de la police roumaine, \u00e0 trois responsables de la police locale ainsi qu\u2019au pr\u00e9fet du d\u00e9partement d\u2019Olt, accus\u00e9s de plusieurs bourdes dans l\u2019enqu\u00eate sur la disparition d\u2019Alexandra.<\/p>\n<p>Cette derni\u00e8re avait \u00e9t\u00e9 enlev\u00e9e mercredi par le suspect alors qu\u2019elle faisait du stop pour rentrer chez elle, \u00e0 Dobrosloveni (sud), selon la police.<\/p>\n<p>Jeudi matin, elle \u00e9tait parvenue \u00e0 appeler trois fois le num\u00e9ro d\u2019urgence 112 et avait donn\u00e9 aux policiers des indices sur le lieu o\u00f9 elle \u00e9tait s\u00e9questr\u00e9e.<\/p>\n<p>\u00ab\u00a0Il arrive, il arrive\u00a0\u00bb, avait-elle cri\u00e9, avant que la communication ne s\u2019interrompe, avait confi\u00e9 aux journalistes le chef de la police Ioan Buda, limog\u00e9 depuis.<\/p>\n<p>Apr\u00e8s avoir effectu\u00e9 des perquisitions \u00e0 trois adresses erron\u00e9es, les policiers ont localis\u00e9 la maison d\u00e9crite par l\u2019adolescente, plus de douze heures apr\u00e8s ses appels.<\/p>\n<p>Ils ont ensuite demand\u00e9 un mandat de perquisition et attendu l\u2019aube avant d\u2019entrer dans ce logement, invoquant des contraintes l\u00e9gales, alors qu\u2019il s\u2019agissait d\u2019une urgence ne rendant pas ces pr\u00e9cautions n\u00e9cessaires. Dix-neuf heures s\u2019\u00e9taient \u00e9coul\u00e9es depuis la derni\u00e8re communication avec Alexandra.<\/p>\n<p>\u2013 \u00ab\u00a0Assassins\u00a0\u00bb \u2013<\/p>\n<p>Aux cris d&rsquo;\u00a0\u00bbAssassins\u00a0\u00bb et d\u00a0\u00bbIncomp\u00e9tents\u00a0\u00bb, plusieurs milliers de Roumains ont manifest\u00e9 samedi soir \u00e0 Bucarest, d\u00e9posant des fleurs et des bougies devant le si\u00e8ge du minist\u00e8re de l\u2019Int\u00e9rieur.<\/p>\n<p>Ils ont exig\u00e9 la d\u00e9mission du gouvernement social-d\u00e9mocrate de Viorica Dancila, tenu pour responsable d\u2019un all\u00e8gement de la l\u00e9gislation p\u00e9nale, dans le cadre d\u2019une r\u00e9forme de la justice vivement d\u00e9cri\u00e9e par Bruxelles.<\/p>\n<p>\u00ab\u00a0Pourquoi la police n\u2019est-elle pas intervenue ? Tout le monde doit r\u00e9pondre, des simples policiers et des procureurs jusqu\u2019\u00e0 Dancila\u00a0\u00bb, a dit \u00e0 l\u2019AFP Cristian Nan, un habitant de Bucarest \u00e2g\u00e9 de 55 ans.<\/p>\n<p>Le pr\u00e9sident de centre droit Klaus Iohannis, \u00e0 couteaux tir\u00e9 avec le gouvernement, a demand\u00e9 une enqu\u00eate approfondie sur cette affaire, qualifiant d&rsquo;\u00a0\u00bbobligatoires\u00a0\u00bb les \u00ab\u00a0d\u00e9missions de tous ceux ayant mal g\u00e9r\u00e9 cette affaire aux suites dramatiques\u00a0\u00bb.<\/p>\n<p>Il a mis en cause le service de t\u00e9l\u00e9communications sp\u00e9ciales (STS) pour n\u2019\u00eatre pas arriv\u00e9 \u00e0 localiser avec pr\u00e9cision l\u2019endroit d\u2019o\u00f9 avait appel\u00e9 Alexandra.<\/p>\n<p>mr\/sg<\/p>\n<\/div>\n<p>Auteur: AFP<br \/>\n<a href=\"https:\/\/www.journalducameroun.com\/roumanie-un-suspect-reconnait-avoir-tue-deux-adolescentes-une-affaire-qui-a-choque-le-pays\/\">Cliquez ici pour lire l&rsquo;article depuis sa source.<\/a><\/p>\n","protected":false},"excerpt":{"rendered":"<p>Publi\u00e9 le 28.07.2019 \u00e0 18h50 par AFP Un suspect a reconnu dimanche avoir tu\u00e9 deux adolescentes qu\u2019il avait s\u00e9questr\u00e9es, selon son avocat, une affaire sordide qui a choqu\u00e9 la Roumanie et mis en lumi\u00e8re de graves failles au sein de la police, dont le chef a \u00e9t\u00e9 limog\u00e9. Gheorghe Dinca, un m\u00e9canicien de 65 ans, [&hellip;]<\/p>\n","protected":false},"author":1965,"featured_media":0,"comment_status":"closed","ping_status":"closed","sticky":false,"template":"","format":"standard","meta":{"fifu_image_url":"","fifu_image_alt":"","footnotes":""},"categories":[73,82],"tags":[],"class_list":["post-49110","post","type-post","status-publish","format-standard","hentry","category-actualite","category-cameroun"],"_links":{"self":[{"href":"https:\/\/linitiative.ca\/International\/wp-json\/wp\/v2\/posts\/49110","targetHints":{"allow":["GET"]}}],"collection":[{"href":"https:\/\/linitiative.ca\/International\/wp-json\/wp\/v2\/posts"}],"about":[{"href":"https:\/\/linitiative.ca\/International\/wp-json\/wp\/v2\/types\/post"}],"author":[{"embeddable":true,"href":"https:\/\/linitiative.ca\/International\/wp-json\/wp\/v2\/users\/1965"}],"replies":[{"embeddable":true,"href":"https:\/\/linitiative.ca\/International\/wp-json\/wp\/v2\/comments?post=49110"}],"version-history":[{"count":0,"href":"https:\/\/linitiative.ca\/International\/wp-json\/wp\/v2\/posts\/49110\/revisions"}],"wp:attachment":[{"href":"https:\/\/linitiative.ca\/International\/wp-json\/wp\/v2\/media?parent=49110"}],"wp:term":[{"taxonomy":"category","embeddable":true,"href":"https:\/\/linitiative.ca\/International\/wp-json\/wp\/v2\/categories?post=49110"},{"taxonomy":"post_tag","embeddable":true,"href":"https:\/\/linitiative.ca\/International\/wp-json\/wp\/v2\/tags?post=49110"}],"curies":[{"name":"wp","href":"https:\/\/api.w.org\/{rel}","templated":true}]}}