{"id":49111,"date":"2019-07-28T13:50:04","date_gmt":"2019-07-28T17:50:04","guid":{"rendered":"https:\/\/linitiative.ca\/International\/carabinier-tue-en-italie-ombres-et-malaise-persistent\/"},"modified":"2019-07-28T13:50:04","modified_gmt":"2019-07-28T17:50:04","slug":"carabinier-tue-en-italie-ombres-et-malaise-persistent","status":"publish","type":"post","link":"https:\/\/linitiative.ca\/International\/carabinier-tue-en-italie-ombres-et-malaise-persistent\/","title":{"rendered":"Carabinier tu\u00e9 en Italie: ombres et malaise persistent"},"content":{"rendered":"<div readability=\"32\">\n<p>Publi\u00e9 le 28.07.2019 \u00e0 18h50 par AFP<\/p>\n<\/div>\n<div readability=\"122\">\n<p>Des milliers de Romains ont rendu hommage dimanche au carabinier tu\u00e9 \u00e0 Rome, tandis que des zones d\u2019ombre persistaient dans l\u2019enqu\u00eate et qu\u2019une photo de l\u2019un des suspects am\u00e9ricains menott\u00e9 et les yeux band\u00e9s pendant son interrogatoire faisait pol\u00e9mique.<\/p>\n<p>Samedi soir, une juge a valid\u00e9 l\u2019arrestation d\u2019Elder Finnegan Lee et de Gabriel Christian Natale Hjorth, deux touristes am\u00e9ricains de 19 ans, pour les chefs de meurtre aggrav\u00e9 et de tentative d\u2019extorsion.<\/p>\n<p>Selon les carabiniers, l\u2019un des deux a avou\u00e9 \u00eatre l\u2019auteur des coups de couteau ayant tu\u00e9 Mario Rega Cerciello, un carabinier de 35 ans qui revenait tout juste de lune de miel, dans la nuit de jeudi \u00e0 vendredi dans un quartier cossu proche du Vatican.<\/p>\n<p>Fleurs \u00e0 la main, des milliers de personnes, selon un photographe de l\u2019AFP, ont d\u00e9fil\u00e9 dimanche dans la chapelle ardente dress\u00e9e \u00e0 Rome. Les fun\u00e9railles sont pr\u00e9vues lundi midi dans la commune natale du carabinier au pied du V\u00e9suve, en pr\u00e9sence des deux chefs politiques du gouvernement, Matteo Salvini et Luigi Di Maio.<\/p>\n<p>Selon les premiers \u00e9l\u00e9ments de l\u2019enqu\u00eate, les deux jeunes Am\u00e9ricains avaient pris le sac d\u2019un dealer qui leur avait vendu de l\u2019aspirine pour de la coca\u00efne et r\u00e9clamaient 100 euros pour le lui rendre. Mais ce dernier a pr\u00e9venu les forces de l\u2019ordre et ce sont les gendarmes qui se sont rendus, en civil, au rendez-vous fix\u00e9 pour l\u2019\u00e9change.<\/p>\n<p>Celui qui a reconnu avoir port\u00e9 les coups de couteau a expliqu\u00e9 avoir cru qu\u2019il s\u2019agissait d\u2019amis du dealer et avoir paniqu\u00e9.<\/p>\n<p>Le couteau a \u00e9t\u00e9 retrouv\u00e9 dissimul\u00e9 dans la chambre d\u2019un h\u00f4tel quatre \u00e9toiles o\u00f9 les deux jeunes originaires de San Francisco s\u00e9journaient non loin de l\u00e0.<\/p>\n<p>\u2013 \u00ab\u00a0L\u2019unique victime\u00a0\u00bb \u2013<\/p>\n<p>Mais les m\u00e9dias insistaient dimanche sur les zones d\u2019ombre: pourquoi ces riches touristes ont-ils pris un tel risque pour 100 euros ? Pourquoi le dealer a-t-il pr\u00e9venu la police ? Dans l\u2019enregistrement de l\u2019appel rendu public dimanche apr\u00e8s-midi, il explique avoir tous ses papiers dans le sac. Pourquoi les carabiniers sont-ils all\u00e9s au rendez-vous en civil, et pourquoi n\u2019ont-ils pas sorti leur arme ?<\/p>\n<p>Parall\u00e8lement, une enqu\u00eate interne a \u00e9t\u00e9 ouverte apr\u00e8s la publication d\u2019une photo o\u00f9 l\u2019un des deux Am\u00e9ricains appara\u00eet t\u00eate baiss\u00e9e, menott\u00e9 et les yeux band\u00e9s, pendant son interrogatoire.<\/p>\n<p>Selon les m\u00e9dias, le carabinier qui lui a mis le bandeau sera mut\u00e9. Il a expliqu\u00e9 avoir agi ainsi pour emp\u00eacher le jeune homme d\u2019apercevoir des \u00e9l\u00e9ments sensibles de l\u2019enqu\u00eate sur les \u00e9crans du bureau.<\/p>\n<p>Amnesty International a exprim\u00e9 son inqui\u00e9tude et le pr\u00e9sident de l\u2019union des avocats p\u00e9nalistes, Me Giandomenico Caiazza, a assur\u00e9 qu\u2019un tel traitement pouvait justifier d\u2019exclure l\u2019interrogatoire du dossier.<\/p>\n<p>Et M. Salvini a relanc\u00e9 la pol\u00e9mique en diffusant lui-m\u00eame la photo sur les r\u00e9seaux sociaux et en assurant: \u00ab\u00a0L\u2019unique victime est un homme, un fils, un mari, un carabinier, un serviteur de la patrie !\u00a0\u00bb<\/p>\n<p>Apr\u00e8s le malaise provoqu\u00e9 par un d\u00e9ferlement x\u00e9nophobe pendant le laps de temps o\u00f9 les suspects ont \u00e9t\u00e9 d\u00e9crits comme maghr\u00e9bins \u00e0 la suite du signalement du dealer et du carabinier indemne, le fait que des Am\u00e9ricains soient impliqu\u00e9s r\u00e9veille aussi des mauvais souvenirs en Italie.<\/p>\n<p>Les m\u00e9dias citent ainsi l\u2019interminable feuilleton judiciaire autour d\u2019Amanda Knox, condamn\u00e9e puis acquitt\u00e9s apr\u00e8s le meurtre de sa colocataire en 2007 \u00e0 P\u00e9rouge (centre), ou l\u2019absence de coupables apr\u00e8s le drame du Cermis (nord), quand un avion militaire am\u00e9ricain a tranch\u00e9 le c\u00e2ble d\u2019un funiculaire, provoquant la mort de 20 personnes en 1998.<\/p>\n<\/div>\n<p>Auteur: AFP<br \/>\n<a href=\"https:\/\/www.journalducameroun.com\/carabinier-tue-en-italie-ombres-et-malaise-persistent\/\">Cliquez ici pour lire l&rsquo;article depuis sa source.<\/a><\/p>\n","protected":false},"excerpt":{"rendered":"<p>Publi\u00e9 le 28.07.2019 \u00e0 18h50 par AFP Des milliers de Romains ont rendu hommage dimanche au carabinier tu\u00e9 \u00e0 Rome, tandis que des zones d\u2019ombre persistaient dans l\u2019enqu\u00eate et qu\u2019une photo de l\u2019un des suspects am\u00e9ricains menott\u00e9 et les yeux band\u00e9s pendant son interrogatoire faisait pol\u00e9mique. Samedi soir, une juge a valid\u00e9 l\u2019arrestation d\u2019Elder Finnegan [&hellip;]<\/p>\n","protected":false},"author":1965,"featured_media":0,"comment_status":"closed","ping_status":"closed","sticky":false,"template":"","format":"standard","meta":{"fifu_image_url":"","fifu_image_alt":"","footnotes":""},"categories":[73,82],"tags":[],"class_list":["post-49111","post","type-post","status-publish","format-standard","hentry","category-actualite","category-cameroun"],"_links":{"self":[{"href":"https:\/\/linitiative.ca\/International\/wp-json\/wp\/v2\/posts\/49111","targetHints":{"allow":["GET"]}}],"collection":[{"href":"https:\/\/linitiative.ca\/International\/wp-json\/wp\/v2\/posts"}],"about":[{"href":"https:\/\/linitiative.ca\/International\/wp-json\/wp\/v2\/types\/post"}],"author":[{"embeddable":true,"href":"https:\/\/linitiative.ca\/International\/wp-json\/wp\/v2\/users\/1965"}],"replies":[{"embeddable":true,"href":"https:\/\/linitiative.ca\/International\/wp-json\/wp\/v2\/comments?post=49111"}],"version-history":[{"count":0,"href":"https:\/\/linitiative.ca\/International\/wp-json\/wp\/v2\/posts\/49111\/revisions"}],"wp:attachment":[{"href":"https:\/\/linitiative.ca\/International\/wp-json\/wp\/v2\/media?parent=49111"}],"wp:term":[{"taxonomy":"category","embeddable":true,"href":"https:\/\/linitiative.ca\/International\/wp-json\/wp\/v2\/categories?post=49111"},{"taxonomy":"post_tag","embeddable":true,"href":"https:\/\/linitiative.ca\/International\/wp-json\/wp\/v2\/tags?post=49111"}],"curies":[{"name":"wp","href":"https:\/\/api.w.org\/{rel}","templated":true}]}}