{"id":49112,"date":"2019-07-28T15:50:01","date_gmt":"2019-07-28T19:50:01","guid":{"rendered":"https:\/\/linitiative.ca\/International\/fin-de-lattaque-contre-un-colistier-du-president-afghan-au-moins-deux-morts\/"},"modified":"2019-07-28T15:50:01","modified_gmt":"2019-07-28T19:50:01","slug":"fin-de-lattaque-contre-un-colistier-du-president-afghan-au-moins-deux-morts","status":"publish","type":"post","link":"https:\/\/linitiative.ca\/International\/fin-de-lattaque-contre-un-colistier-du-president-afghan-au-moins-deux-morts\/","title":{"rendered":"Fin de l\u2019attaque contre un colistier du pr\u00e9sident afghan : au moins deux morts"},"content":{"rendered":"<div readability=\"32\">\n<p>Publi\u00e9 le 28.07.2019 \u00e0 20h50 par AFP<\/p>\n<\/div>\n<div readability=\"158\">\n<p>L\u2019attaque contre les bureaux d\u2019un colistier du pr\u00e9sident afghan Ashraf Ghani \u00e0 Kaboul dimanche, le jour de l\u2019ouverture de la campagne \u00e9lectorale pour la pr\u00e9sidentielle de septembre, est termin\u00e9e, ont annonc\u00e9 les autorit\u00e9s qui d\u00e9plorent au moins deux morts.<\/p>\n<p>Une voiture pi\u00e9g\u00e9e a explos\u00e9 puis des hommes arm\u00e9s ont fait irruption dans les bureaux de l\u2019Afghanistan green trend (AGT), un mouvement politique fond\u00e9 par Amrullah Saleh, pr\u00e9sent sur la liste d\u2019Ashraf Ghani, candidat \u00e0 sa r\u00e9\u00e9lection.<\/p>\n<p>Cette attaque a pris fin peu apr\u00e8s 23H00 (18H30 GMT), soit pr\u00e8s de six heures apr\u00e8s la premi\u00e8re d\u00e9flagration, a d\u00e9clar\u00e9 le porte-parole du minist\u00e8re de l\u2019Int\u00e9rieur Nasrat Rahimi.<\/p>\n<p>\u00ab\u00a0Tous les assaillants ont \u00e9t\u00e9 tu\u00e9s\u00a0\u00bb, a-t-il dit, sans pouvoir toutefois \u00eatre en mesure de fournir un bilan d\u00e9finitif.<\/p>\n<p>Selon le porte-parole du minist\u00e8re de la Sant\u00e9, Wahidullah Mayar, deux personnes, un homme et une femme, ont \u00e9t\u00e9 tu\u00e9es, et 25 autres bless\u00e9es.<\/p>\n<p>\u00ab\u00a0C\u2019est une attaque directe contre les bureaux de l\u2019AGT. J\u2019ai entendu trois explosions et ensuite des coups de feu\u00a0\u00bb, a racont\u00e9 au d\u00e9but de l\u2019attaque un t\u00e9moin, Ejaz Malikzada, joint par l\u2019AFP.<\/p>\n<p>Sur des images diffus\u00e9es via les r\u00e9seaux sociaux, on pouvait voir une large colonne de fum\u00e9e noire s\u2019\u00e9levant au-dessus de la capitale. Sur une vid\u00e9o prise pr\u00e8s de la sc\u00e8ne, on voyait des personnes fuyant les abords du lieu de l\u2019explosion, plong\u00e9 dans une \u00e9paisse poussi\u00e8re.<\/p>\n<p>Pr\u00e9sent dans les bureaux, M. Saleh, qui figure sur le trio formant la liste \u00e9lectorale du pr\u00e9sident-candidat Ghani en position de premier vice-pr\u00e9sident, a \u00e9t\u00e9 \u00e9vacu\u00e9 par son service de s\u00e9curit\u00e9.<\/p>\n<p>Sur son compte Twitter, l\u2019AGT a rapidement fait savoir que M. Saleh, ex-ministre de l\u2019Int\u00e9rieur et ancien chef de la Direction nationale de la s\u00e9curit\u00e9, allait \u00ab\u00a0bien\u00a0\u00bb. Des photos l\u2019ont d\u2019abord montr\u00e9 portant un bandage ensanglant\u00e9 au bras droit. Puis, plus tard, sans aucun bandage.<\/p>\n<p>\u00ab\u00a0Mon fr\u00e8re, vrai fils du sol afghan et premier vice-pr\u00e9sident de mon \u00e9quipe \u00e9lectorale, @AmrullahSaleh2, a surv\u00e9cu \u00e0 une attaque complexe des ennemis de l\u2019Etat. Nous sommes soulag\u00e9s et remercions le Tout-Puissant que cette attaque ait \u00e9chou\u00e9\u00a0\u00bb, a tweet\u00e9 le pr\u00e9sident Ghani.<\/p>\n<p>Selon M. Rahimi, 85 personnes retranch\u00e9es dans des chambres s\u00e9curis\u00e9es ont \u00e9t\u00e9 \u00e9vacu\u00e9es par les forces de s\u00e9curit\u00e9 qui ont tu\u00e9 au moins quatre assaillants.<\/p>\n<p>Aucun des groupes insurg\u00e9s, talibans ou branche afghane du groupe Etat islamique (EI), n\u2019a pour l\u2019heure revendiqu\u00e9 l\u2019attaque.<\/p>\n<p>Les services de la Direction nationale de s\u00e9curit\u00e9 ont par ailleurs annonc\u00e9 sur leur compte Twitter avoir arr\u00eat\u00e9 dimanche \u00ab\u00a0sept terroristes qui pr\u00e9paraient une nouvelle attaque \u00e0 Kaboul\u00a0\u00bb.<\/p>\n<p>\u2013 N\u00e9gociations attendues \u2013<\/p>\n<p>Ces violences sont survenues le jour de l\u2019ouverture de la campagne pour l\u2019\u00e9lection pr\u00e9sidentielle du 28 septembre. Le pr\u00e9sident sortant ainsi que son principal challenger, le chef de l\u2019ex\u00e9cutif Abdullah Abdullah, ont particip\u00e9 \u00e0 leurs premiers rassemblements \u00e9lectoraux \u00e0 Kaboul.<\/p>\n<p>M. Saleh se tenait aux c\u00f4t\u00e9s de M. Ghani, qui s\u2019est f\u00e9licit\u00e9 de l\u2019arriv\u00e9e de \u00ab\u00a0la paix\u00a0\u00bb et de prochaines \u00ab\u00a0n\u00e9gociations\u00a0\u00bb avec les talibans.<\/p>\n<p>Samedi, le gouvernement afghan avait annonc\u00e9 l\u2019imminence de discussions directes avec le groupe rebelle.<\/p>\n<p>Des sources diplomatiques ont fait savoir \u00e0 l\u2019AFP que les pourparlers devraient d\u00e9buter le 7 ao\u00fbt \u00e0 Oslo.<\/p>\n<p>Parall\u00e8lement, l\u2019\u00e9missaire am\u00e9ricain pour la paix Zalmay Khalilzad, actuellement \u00e0 Kaboul, doit se rendre \u00e0 Doha la semaine prochaine pour une huiti\u00e8me s\u00e9rie de n\u00e9gociations directes avec les talibans visant \u00e0 mettre fin aux 18 ann\u00e9es d\u2019intervention militaire des Etats-Unis en Afghanistan.<\/p>\n<p>Il a soulign\u00e9 samedi que des discussions \u00ab\u00a0inter-afghanes\u00a0\u00bb, avec une \u00e9quipe de n\u00e9gociateurs comprenant \u00ab\u00a0des membres du gouvernement, des repr\u00e9sentants d\u2019autres partis politiques, des membres de la soci\u00e9t\u00e9 civile et des femmes\u00a0\u00bb n\u2019auraient lieu qu\u2019\u00e0 l\u2019issue d\u2019un accord entre Am\u00e9ricains et talibans.<\/p>\n<p>Le porte-parole taliban Suhail Shaheen a tweet\u00e9 dimanche que \u00ab\u00a0les pourparlers inter-afghans\u00a0\u00bb pourraient \u00ab\u00a0commencer apr\u00e8s l\u2019annonce d\u2019un calendrier de retrait des forces \u00e9trang\u00e8res\u00a0\u00bb.<\/p>\n<p>Ce calendrier de retrait, la principale revendication des talibans, s\u2019\u00e9tablirait en \u00e9change de l\u2019assurance que l\u2019Afghanistan ne servirait pas de sanctuaire \u00e0 des groupes terroristes.<\/p>\n<\/div>\n<p>Auteur: AFP<br \/>\n<a href=\"https:\/\/www.journalducameroun.com\/fin-de-lattaque-contre-un-colistier-du-president-afghan-au-moins-deux-morts\/\">Cliquez ici pour lire l&rsquo;article depuis sa source.<\/a><\/p>\n","protected":false},"excerpt":{"rendered":"<p>Publi\u00e9 le 28.07.2019 \u00e0 20h50 par AFP L\u2019attaque contre les bureaux d\u2019un colistier du pr\u00e9sident afghan Ashraf Ghani \u00e0 Kaboul dimanche, le jour de l\u2019ouverture de la campagne \u00e9lectorale pour la pr\u00e9sidentielle de septembre, est termin\u00e9e, ont annonc\u00e9 les autorit\u00e9s qui d\u00e9plorent au moins deux morts. Une voiture pi\u00e9g\u00e9e a explos\u00e9 puis des hommes arm\u00e9s [&hellip;]<\/p>\n","protected":false},"author":1965,"featured_media":0,"comment_status":"closed","ping_status":"closed","sticky":false,"template":"","format":"standard","meta":{"fifu_image_url":"","fifu_image_alt":"","footnotes":""},"categories":[73,82],"tags":[],"class_list":["post-49112","post","type-post","status-publish","format-standard","hentry","category-actualite","category-cameroun"],"_links":{"self":[{"href":"https:\/\/linitiative.ca\/International\/wp-json\/wp\/v2\/posts\/49112","targetHints":{"allow":["GET"]}}],"collection":[{"href":"https:\/\/linitiative.ca\/International\/wp-json\/wp\/v2\/posts"}],"about":[{"href":"https:\/\/linitiative.ca\/International\/wp-json\/wp\/v2\/types\/post"}],"author":[{"embeddable":true,"href":"https:\/\/linitiative.ca\/International\/wp-json\/wp\/v2\/users\/1965"}],"replies":[{"embeddable":true,"href":"https:\/\/linitiative.ca\/International\/wp-json\/wp\/v2\/comments?post=49112"}],"version-history":[{"count":0,"href":"https:\/\/linitiative.ca\/International\/wp-json\/wp\/v2\/posts\/49112\/revisions"}],"wp:attachment":[{"href":"https:\/\/linitiative.ca\/International\/wp-json\/wp\/v2\/media?parent=49112"}],"wp:term":[{"taxonomy":"category","embeddable":true,"href":"https:\/\/linitiative.ca\/International\/wp-json\/wp\/v2\/categories?post=49112"},{"taxonomy":"post_tag","embeddable":true,"href":"https:\/\/linitiative.ca\/International\/wp-json\/wp\/v2\/tags?post=49112"}],"curies":[{"name":"wp","href":"https:\/\/api.w.org\/{rel}","templated":true}]}}