{"id":49175,"date":"2019-07-29T15:14:22","date_gmt":"2019-07-29T19:14:22","guid":{"rendered":"https:\/\/linitiative.ca\/International\/international-milinkovic-savic-a-donne-son-accord-a-manchester-united\/"},"modified":"2019-07-29T15:14:22","modified_gmt":"2019-07-29T19:14:22","slug":"international-milinkovic-savic-a-donne-son-accord-a-manchester-united","status":"publish","type":"post","link":"https:\/\/linitiative.ca\/International\/international-milinkovic-savic-a-donne-son-accord-a-manchester-united\/","title":{"rendered":"International : Milinkovic-Savic a donn\u00e9 son accord \u00e0 Manchester United"},"content":{"rendered":"<div readability=\"32\">\n<p>Auteur : <span class=\"time\">lundi 29 juillet 2019 13:03<\/span><\/p>\n<\/div>\n<div id=\"post_core\" readability=\"47\">\n<p>Annonc\u00e9 avec insistance chez les Red Devils ces derniers jours, l&rsquo;international serbe a donn\u00e9 son accord verbal \u00e0 la formation anglaise selon les informations du Daily Mail que rapporte Maxifoot.<\/p>\n<p>En effet, les deux parties disposent d&rsquo;un terrain d&rsquo;entente pour un contrat de 5 ans. Actuellement, l&rsquo;agent du jeune talent, Mateja Kezman, se trouve en Angleterre afin de boucler d\u00e9finitivement cette transaction. Pour rappel, MU devrait d\u00e9bourser environ 80 millions d&rsquo;euros pour s&rsquo;attacher les services de Milinkovic-Savic, attendu comme le futur rempla\u00e7ant de Paul Pogba courtis\u00e9 par le Real Madrid et la Juventus Turin.<\/p>\n<p><strong>Publi\u00e9 dans :<\/strong> <span>manchester united<\/span><\/p>\n<\/div>\n<p>Auteur:<br \/>\n<a href=\"http:\/\/www.lebuteur.com\/article\/detail?titre=milinkovic-savic-a-donne-son-accord-a-manchester-united&#038;id=90759&#038;utm_source=feedburner&#038;utm_medium=feed&#038;utm_campaign=Feed%3A+GalerieFArtciles+%28Les+derniers+articles++-+lebuteur.com%29\">Cliquez ici pour lire l&rsquo;article depuis sa source.<\/a><\/p>\n","protected":false},"excerpt":{"rendered":"<p>Auteur : lundi 29 juillet 2019 13:03 Annonc\u00e9 avec insistance chez les Red Devils ces derniers jours, l&rsquo;international serbe a donn\u00e9 son accord verbal \u00e0 la formation anglaise selon les informations du Daily Mail que rapporte Maxifoot. En effet, les deux parties disposent d&rsquo;un terrain d&rsquo;entente pour un contrat de 5 ans. Actuellement, l&rsquo;agent du [&hellip;]<\/p>\n","protected":false},"author":1738,"featured_media":49176,"comment_status":"closed","ping_status":"closed","sticky":false,"template":"","format":"standard","meta":{"fifu_image_url":"","fifu_image_alt":"","footnotes":""},"categories":[53,75],"tags":[],"class_list":["post-49175","post","type-post","status-publish","format-standard","has-post-thumbnail","hentry","category-algerie","category-sport"],"_links":{"self":[{"href":"https:\/\/linitiative.ca\/International\/wp-json\/wp\/v2\/posts\/49175","targetHints":{"allow":["GET"]}}],"collection":[{"href":"https:\/\/linitiative.ca\/International\/wp-json\/wp\/v2\/posts"}],"about":[{"href":"https:\/\/linitiative.ca\/International\/wp-json\/wp\/v2\/types\/post"}],"author":[{"embeddable":true,"href":"https:\/\/linitiative.ca\/International\/wp-json\/wp\/v2\/users\/1738"}],"replies":[{"embeddable":true,"href":"https:\/\/linitiative.ca\/International\/wp-json\/wp\/v2\/comments?post=49175"}],"version-history":[{"count":0,"href":"https:\/\/linitiative.ca\/International\/wp-json\/wp\/v2\/posts\/49175\/revisions"}],"wp:featuredmedia":[{"embeddable":true,"href":"https:\/\/linitiative.ca\/International\/wp-json\/"}],"wp:attachment":[{"href":"https:\/\/linitiative.ca\/International\/wp-json\/wp\/v2\/media?parent=49175"}],"wp:term":[{"taxonomy":"category","embeddable":true,"href":"https:\/\/linitiative.ca\/International\/wp-json\/wp\/v2\/categories?post=49175"},{"taxonomy":"post_tag","embeddable":true,"href":"https:\/\/linitiative.ca\/International\/wp-json\/wp\/v2\/tags?post=49175"}],"curies":[{"name":"wp","href":"https:\/\/api.w.org\/{rel}","templated":true}]}}