{"id":49177,"date":"2019-07-29T15:14:23","date_gmt":"2019-07-29T19:14:23","guid":{"rendered":"https:\/\/linitiative.ca\/International\/afrique-cameroun-le-president-de-la-federation-repond-au-ministre-algerien-des-sports\/"},"modified":"2019-07-29T15:14:23","modified_gmt":"2019-07-29T19:14:23","slug":"afrique-cameroun-le-president-de-la-federation-repond-au-ministre-algerien-des-sports","status":"publish","type":"post","link":"https:\/\/linitiative.ca\/International\/afrique-cameroun-le-president-de-la-federation-repond-au-ministre-algerien-des-sports\/","title":{"rendered":"Afrique : Cameroun : Le pr\u00e9sident de la f\u00e9d\u00e9ration r\u00e9pond au ministre alg\u00e9rien des sports"},"content":{"rendered":"<div readability=\"32\">\n<p>Auteur : <span class=\"time\">lundi 29 juillet 2019 13:12<\/span><\/p>\n<\/div>\n<div id=\"post_core\" readability=\"45\">\n<p>Le pr\u00e9sident de la Fecafoot (f\u00e9d\u00e9ration africaine de football) a fait une sortie m\u00e9diatique pour rassurer les camerounais :<\/p>\n<p>\u00ab\u00a0Il n&rsquo;y a pas d&rsquo;\u00e9quivoque, le Cameroun organisera la CAN 2021. Le passage de t\u00e9moin a eu lieu. Les propos du ministre alg\u00e9rien des Sports ont \u00e9t\u00e9 d\u00e9form\u00e9s. Nous sommes sereins\u00a0\u00bb, a d\u00e9clar\u00e9 Seidou Mbombo Njoya, \u00e0 la CRTV et repris sur son compte twitter ce lundi 29 juillet 2019.<\/p>\n<p>\u00ab\u00a0J&rsquo;ai pris des mains de la CAF le drapeau de l&rsquo;organisation par le Cameroun de la prochaine \u00e9dition de la Coupe d&rsquo;Afrique des Nations en 2021\u00a0\u00bb, ajoute Seidou Mbombo Njoya comme rapport\u00e9 par Lebledparle.<\/p>\n<p><strong>Publi\u00e9 dans :<\/strong> <span>Cameroun<\/span><\/p>\n<\/div>\n<p>Auteur:<br \/>\n<a href=\"http:\/\/www.lebuteur.com\/article\/detail?titre=cameroun-le-president-de-la-federation-repond-au-ministre-algerien-des-sports&#038;id=90760&#038;utm_source=feedburner&#038;utm_medium=feed&#038;utm_campaign=Feed%3A+GalerieFArtciles+%28Les+derniers+articles++-+lebuteur.com%29\">Cliquez ici pour lire l&rsquo;article depuis sa source.<\/a><\/p>\n","protected":false},"excerpt":{"rendered":"<p>Auteur : lundi 29 juillet 2019 13:12 Le pr\u00e9sident de la Fecafoot (f\u00e9d\u00e9ration africaine de football) a fait une sortie m\u00e9diatique pour rassurer les camerounais : \u00ab\u00a0Il n&rsquo;y a pas d&rsquo;\u00e9quivoque, le Cameroun organisera la CAN 2021. Le passage de t\u00e9moin a eu lieu. Les propos du ministre alg\u00e9rien des Sports ont \u00e9t\u00e9 d\u00e9form\u00e9s. Nous [&hellip;]<\/p>\n","protected":false},"author":1738,"featured_media":49178,"comment_status":"closed","ping_status":"closed","sticky":false,"template":"","format":"standard","meta":{"fifu_image_url":"","fifu_image_alt":"","footnotes":""},"categories":[53,75],"tags":[],"class_list":["post-49177","post","type-post","status-publish","format-standard","has-post-thumbnail","hentry","category-algerie","category-sport"],"_links":{"self":[{"href":"https:\/\/linitiative.ca\/International\/wp-json\/wp\/v2\/posts\/49177","targetHints":{"allow":["GET"]}}],"collection":[{"href":"https:\/\/linitiative.ca\/International\/wp-json\/wp\/v2\/posts"}],"about":[{"href":"https:\/\/linitiative.ca\/International\/wp-json\/wp\/v2\/types\/post"}],"author":[{"embeddable":true,"href":"https:\/\/linitiative.ca\/International\/wp-json\/wp\/v2\/users\/1738"}],"replies":[{"embeddable":true,"href":"https:\/\/linitiative.ca\/International\/wp-json\/wp\/v2\/comments?post=49177"}],"version-history":[{"count":0,"href":"https:\/\/linitiative.ca\/International\/wp-json\/wp\/v2\/posts\/49177\/revisions"}],"wp:featuredmedia":[{"embeddable":true,"href":"https:\/\/linitiative.ca\/International\/wp-json\/"}],"wp:attachment":[{"href":"https:\/\/linitiative.ca\/International\/wp-json\/wp\/v2\/media?parent=49177"}],"wp:term":[{"taxonomy":"category","embeddable":true,"href":"https:\/\/linitiative.ca\/International\/wp-json\/wp\/v2\/categories?post=49177"},{"taxonomy":"post_tag","embeddable":true,"href":"https:\/\/linitiative.ca\/International\/wp-json\/wp\/v2\/tags?post=49177"}],"curies":[{"name":"wp","href":"https:\/\/api.w.org\/{rel}","templated":true}]}}