{"id":49184,"date":"2019-07-28T20:00:00","date_gmt":"2019-07-29T00:00:00","guid":{"rendered":"https:\/\/linitiative.ca\/International\/talaie-el-houriyet-un-pas-sur-la-bonne-voie-a-emprunter\/"},"modified":"2019-07-28T20:00:00","modified_gmt":"2019-07-29T00:00:00","slug":"talaie-el-houriyet-un-pas-sur-la-bonne-voie-a-emprunter","status":"publish","type":"post","link":"https:\/\/linitiative.ca\/International\/talaie-el-houriyet-un-pas-sur-la-bonne-voie-a-emprunter\/","title":{"rendered":"Talaie El-Houriyet : Un pas sur  la bonne voie \u00e0 emprunter"},"content":{"rendered":"<p>Le parti Talaie El-Houriyet a affirm\u00e9, samedi, dans un communiqu\u00e9, que le dialogue national \u00abest un imp\u00e9ratif vital o\u00f9 r\u00e9side l\u2019int\u00e9r\u00eat supr\u00eame du pays\u00bb, faisant part de sa \u00abprofonde conviction\u00bb que la proposition relative au dialogue, formul\u00e9e par le pouvoir, le 3 juillet, \u00abest un pas sur la bonne voie \u00e0 emprunter\u00bb. Le parti Talaie El-Houriyet a pr\u00e9cis\u00e9, dans un communiqu\u00e9 ayant sanctionn\u00e9 la r\u00e9union de son bureau politique, que l\u2019Alg\u00e9rie \u00abse rapproche du traitement de la crise (&#8230;) d\u2019autant que tout un chacun est conscient que le dialogue est le d\u00e9but de tout processus et non sa fin\u00bb.<br \/>Le parti de l\u2019ancien chef du Gouvernement, Ali Benflis, a exprim\u00e9 sa profonde conviction que la proposition relative au dialogue, formul\u00e9e par le pouvoir le 3 juillet (&#8230;), m\u00eame si elle est incompl\u00e8te et ambigu\u00eb dans certains points, celle-ci constitue un pas vers la bonne voie \u00e0 emprunter\u00bb, \u00e9tant donn\u00e9 que le syst\u00e8me politique en place avait renonc\u00e9 \u00e0 g\u00e9rer le dialogue national, estimant que celui-ci doit \u00eatre confi\u00e9 \u00e0 une instance compos\u00e9e de personnalit\u00e9s nationales cr\u00e9dibles, ind\u00e9pendantes, sans affiliation partisane, ni ambitions \u00e9lectorales. Le syst\u00e8me en place, ajoute la m\u00eame formation, doit s\u2019engager \u00e0 ne pas \u00eatre partie prenante de ce dialogue national et \u00e0 observer \u00abla neutralit\u00e9\u00bb tout au long de ce processus, en chargeant l\u2019instance du dialogue, seule, de cr\u00e9er l\u2019instance ind\u00e9pendante charg\u00e9e de la pr\u00e9paration, de la supervision, et de la surveillance de l\u2019\u00e9lection pr\u00e9sidentielle ainsi que\u00a0 l\u2019amendement de la loi organique relative au r\u00e9gime \u00e9lectoral. \u00abIl revient d\u00e9sormais \u00e0 l\u2019opposition politique et \u00e0 la soci\u00e9t\u00e9 civile, avec toutes ses composantes, de convenir des garanties \u00e0 exiger pour le respect total des engagements exprim\u00e9s dans le discours \u00e0 la nation, du 3 juillet, d\u2019\u00e9claircir, de parachever et de soutenir ces engagements en vue d\u2019\u00e9riger la proposition du dialogue en v\u00e9ritable base de lancement pour une sortie de crise et un r\u00e8glement acc\u00e9l\u00e9r\u00e9 et d\u00e9finitif de la crise politique\u00bb, a ajout\u00e9 le communiqu\u00e9. Par ailleurs, le parti a estim\u00e9 que l\u2019acc\u00e9l\u00e9ration de la mise en \u0153uvre des mesures d\u2019apaisement \u00abfera foi de la bonne volont\u00e9 du syst\u00e8me politique d\u2019aller vers un r\u00e9el processus de sortie de crise, afin de r\u00e9pondre aux aspirations populaires et de dissiper les doutes concernant ses intentions\u00bb, soulignant que l\u2019organisation d\u2019une \u00e9lection pr\u00e9sidentielle r\u00e9guli\u00e8re, transparente et cr\u00e9dible dans les plus brefs d\u00e9lais, est la d\u00e9marche la plus d\u00e9mocratique, la plus s\u00fbre, la moins co\u00fbteuse et la moins dangereuse pour notre pays, aux plans s\u00e9curitaire, politique et socio-\u00e9conomique\u00bb. Concernant le forum pour un dialogue national qui s\u2019est tenu le 6 juillet en cours, le parti s\u2019est dit satisfait de sa participation \u00e0 la pr\u00e9paration et \u00e0 l\u2019organisation des travaux de ce forum \u00abpour examiner l\u2019impasse politique que conna\u00eet le pays et adopter une plate-forme pour une sortie de crise, loin de toute surench\u00e8re et pr\u00e9jug\u00e9\u00bb.<br \/>Enfin, le parti Talaie El-Houriyet a estim\u00e9 que la classe politique, la soci\u00e9t\u00e9 civile et les \u00e9lites de la nation, \u00abont un devoir historique \u00e0 accomplir qui consiste en la protection de la r\u00e9volution d\u00e9mocratique pacifique d\u2019une \u00e9ventuelle d\u00e9gradation de la situation qui menace la s\u00e9curit\u00e9 nationale, et ce en participant \u00e0 la r\u00e9union des conditions n\u00e9cessaires au lancement du dialogue, afin de parvenir \u00e0 un large consensus national dans l\u2019objectif de r\u00e9aliser les aspirations populaires visant le changement du syst\u00e8me politique et l\u2019ouverture sur l\u2019\u00e9dification de l\u2019Etat de droit, l\u2019Etat d\u00e9mocratique et social\u00bb.<\/p>\n<p>Auteur: elmoudjahid<br \/>\n<a href=\"http:\/\/www.elmoudjahid.com\/fr\/actualites\/139926\">Cliquez ici pour lire l&rsquo;article depuis sa source.<\/a><\/p>\n","protected":false},"excerpt":{"rendered":"<p>Le parti Talaie El-Houriyet a affirm\u00e9, samedi, dans un communiqu\u00e9, que le dialogue national \u00abest un imp\u00e9ratif vital o\u00f9 r\u00e9side l\u2019int\u00e9r\u00eat supr\u00eame du pays\u00bb, faisant part de sa \u00abprofonde conviction\u00bb que la proposition relative au dialogue, formul\u00e9e par le pouvoir, le 3 juillet, \u00abest un pas sur la bonne voie \u00e0 emprunter\u00bb. Le parti Talaie [&hellip;]<\/p>\n","protected":false},"author":1744,"featured_media":0,"comment_status":"closed","ping_status":"closed","sticky":false,"template":"","format":"standard","meta":{"fifu_image_url":"","fifu_image_alt":"","footnotes":""},"categories":[73,53],"tags":[],"class_list":["post-49184","post","type-post","status-publish","format-standard","hentry","category-actualite","category-algerie"],"_links":{"self":[{"href":"https:\/\/linitiative.ca\/International\/wp-json\/wp\/v2\/posts\/49184","targetHints":{"allow":["GET"]}}],"collection":[{"href":"https:\/\/linitiative.ca\/International\/wp-json\/wp\/v2\/posts"}],"about":[{"href":"https:\/\/linitiative.ca\/International\/wp-json\/wp\/v2\/types\/post"}],"author":[{"embeddable":true,"href":"https:\/\/linitiative.ca\/International\/wp-json\/wp\/v2\/users\/1744"}],"replies":[{"embeddable":true,"href":"https:\/\/linitiative.ca\/International\/wp-json\/wp\/v2\/comments?post=49184"}],"version-history":[{"count":0,"href":"https:\/\/linitiative.ca\/International\/wp-json\/wp\/v2\/posts\/49184\/revisions"}],"wp:attachment":[{"href":"https:\/\/linitiative.ca\/International\/wp-json\/wp\/v2\/media?parent=49184"}],"wp:term":[{"taxonomy":"category","embeddable":true,"href":"https:\/\/linitiative.ca\/International\/wp-json\/wp\/v2\/categories?post=49184"},{"taxonomy":"post_tag","embeddable":true,"href":"https:\/\/linitiative.ca\/International\/wp-json\/wp\/v2\/tags?post=49184"}],"curies":[{"name":"wp","href":"https:\/\/api.w.org\/{rel}","templated":true}]}}