{"id":49208,"date":"2019-07-29T14:49:00","date_gmt":"2019-07-29T18:49:00","guid":{"rendered":"https:\/\/linitiative.ca\/International\/ils-interpellent-le-wali-doran-pour-leur-relogement-21-familles-en-danger-a-la-cite-bel-air\/"},"modified":"2019-07-29T14:49:00","modified_gmt":"2019-07-29T18:49:00","slug":"ils-interpellent-le-wali-doran-pour-leur-relogement-21-familles-en-danger-a-la-cite-bel-air","status":"publish","type":"post","link":"https:\/\/linitiative.ca\/International\/ils-interpellent-le-wali-doran-pour-leur-relogement-21-familles-en-danger-a-la-cite-bel-air\/","title":{"rendered":"ILS INTERPELLENT LE WALI D&rsquo;ORAN  POUR LEUR RELOGEMENT : 21 familles en danger   \u00e0 la cit\u00e9 Bel Air"},"content":{"rendered":"<p><br id=\"sep_para_1\" class=\"sep_para access\"\/><\/p>\n<div id=\"para_1\" class=\"para_32343771 resize\">\n<div class=\"texte access firstletter\">L\u2019entr\u00e9e de l\u2019immeuble sis au num\u00e9ro 4 de la rue Houari Ben Houari dans le vieux quartier populaire de la cit\u00e9 Bel Air donne un aper\u00e7u sur son \u00e9tat de v\u00e9tust\u00e9 et de d\u00e9gradation partielle de l&rsquo;immeuble. En effet, ce vieil immeuble, datant de l\u2019\u00e8re coloniale, pr\u00e9sente tous les aspects d\u2019une catastrophe qui pointe \u00e0 l\u2019horizon. 21\u00a0 familles vivent en danger\u00a0 permanent. Les 21 familles qui y r\u00e9sident, dont un handicap\u00e9 moteur, sont sous la menace d\u2019un effondrement imminent. \u00abNous avons saisi, depuis\u00a0 2011, toutes les parties concern\u00e9es les informant sur la menace qui p\u00e8se sur nous. Nous avons re\u00e7u la visite de responsables de l\u2019APC qui nous ont rassur\u00e9s quant \u00e0 la possibilit\u00e9 de nous reloger, et dont\u00a0 le proc\u00e8s verbal du constat des lieux est frappant des familles en rouge. Mais depuis, aucune visite ni encore moins de relogement, nous continuons toujours \u00e0 vivre dans la hantise de voir notre habitation s\u2019\u00e9crouler sur nous. Et ce, \u00e0 l\u2019instar des escaliers menant au premier \u00e9tage qui n\u2019ont pas r\u00e9sist\u00e9 sous le poids des habitants et qui ont fini par c\u00e9der, heureusement sans provoquer de victimes\u00bb, dira cette dame venue \u00e0 notre rencontre. Cette derni\u00e8re signale \u00e9galement une situation dont elle a fait part aupr\u00e8s du chef de service technique de l\u2019APC d\u2019Oran. Un cas qui, selon les termes de cette correspondance, contribuerait \u00e0 l\u2019effondrement de l\u2019immeuble. Il s\u2019agit de\u00a0 travaux de r\u00e9habilitation entrepris dans son appartement sans autorisation par un habitant du rez-de-chauss\u00e9e, sachant, est-il \u00e9crit, qu\u2019il ne peut entreprendre de tels travaux dans un immeuble qui menace ruine.\u00a0\u00a0\u00a0\u00a0\u00a0\u00a0\u00a0\u00a0<\/div>\n<\/div>\n<p>Auteur: Medjadji H.<br \/>\n<a href=\"https:\/\/www.reflexiondz.net\/ILS-INTERPELLENT-LE-WALI-D-ORAN-POUR-LEUR-RELOGEMENT-21-familles-en-danger-a-la-cite-Bel-Air_a56865.html\">Cliquez ici pour lire l&rsquo;article depuis sa source.<\/a><\/p>\n","protected":false},"excerpt":{"rendered":"<p>L\u2019entr\u00e9e de l\u2019immeuble sis au num\u00e9ro 4 de la rue Houari Ben Houari dans le vieux quartier populaire de la cit\u00e9 Bel Air donne un aper\u00e7u sur son \u00e9tat de v\u00e9tust\u00e9 et de d\u00e9gradation partielle de l&rsquo;immeuble. En effet, ce vieil immeuble, datant de l\u2019\u00e8re coloniale, pr\u00e9sente tous les aspects d\u2019une catastrophe qui pointe \u00e0 [&hellip;]<\/p>\n","protected":false},"author":1740,"featured_media":0,"comment_status":"closed","ping_status":"closed","sticky":false,"template":"","format":"standard","meta":{"fifu_image_url":"","fifu_image_alt":"","footnotes":""},"categories":[53,76],"tags":[],"class_list":["post-49208","post","type-post","status-publish","format-standard","hentry","category-algerie","category-regions"],"_links":{"self":[{"href":"https:\/\/linitiative.ca\/International\/wp-json\/wp\/v2\/posts\/49208","targetHints":{"allow":["GET"]}}],"collection":[{"href":"https:\/\/linitiative.ca\/International\/wp-json\/wp\/v2\/posts"}],"about":[{"href":"https:\/\/linitiative.ca\/International\/wp-json\/wp\/v2\/types\/post"}],"author":[{"embeddable":true,"href":"https:\/\/linitiative.ca\/International\/wp-json\/wp\/v2\/users\/1740"}],"replies":[{"embeddable":true,"href":"https:\/\/linitiative.ca\/International\/wp-json\/wp\/v2\/comments?post=49208"}],"version-history":[{"count":0,"href":"https:\/\/linitiative.ca\/International\/wp-json\/wp\/v2\/posts\/49208\/revisions"}],"wp:attachment":[{"href":"https:\/\/linitiative.ca\/International\/wp-json\/wp\/v2\/media?parent=49208"}],"wp:term":[{"taxonomy":"category","embeddable":true,"href":"https:\/\/linitiative.ca\/International\/wp-json\/wp\/v2\/categories?post=49208"},{"taxonomy":"post_tag","embeddable":true,"href":"https:\/\/linitiative.ca\/International\/wp-json\/wp\/v2\/tags?post=49208"}],"curies":[{"name":"wp","href":"https:\/\/api.w.org\/{rel}","templated":true}]}}