{"id":49266,"date":"2019-07-29T15:43:35","date_gmt":"2019-07-29T19:43:35","guid":{"rendered":"https:\/\/linitiative.ca\/International\/tunisie-ghannouchi-nous-considerons-zebidi-comme-un-ami-est-ce-un-compliment-ou-un-coup-sous-la-ceinture\/"},"modified":"2019-07-29T15:43:35","modified_gmt":"2019-07-29T19:43:35","slug":"tunisie-ghannouchi-nous-considerons-zebidi-comme-un-ami-est-ce-un-compliment-ou-un-coup-sous-la-ceinture","status":"publish","type":"post","link":"https:\/\/linitiative.ca\/International\/tunisie-ghannouchi-nous-considerons-zebidi-comme-un-ami-est-ce-un-compliment-ou-un-coup-sous-la-ceinture\/","title":{"rendered":"Tunisie \u2013 Ghannouchi\u00a0: \u00ab\u00a0Nous consid\u00e9rons Zebidi comme un ami\u00a0\u00bb\u00a0! Est-ce un compliment ou un coup sous la ceinture\u00a0?"},"content":{"rendered":"<div class=\"post-cont-in left relative\">\n<div class=\"swp_social_panel swp_horizontal_panel swp_flat_fresh swp_default_full_color swp_individual_full_color swp_other_full_color scale-100 scale-\" data-min-width=\"1100\" data-float-color=\"#ffffff\" data-float=\"none\" data-float-mobile=\"none\" data-transition=\"slide\">\n<div class=\"nc_tweetContainer swp_share_button total_shares total_sharesalt\"><span class=\"swp_count\">61 <span class=\"swp_label\">Partages<\/span><\/span><\/div>\n<\/div>\n<p>Le pr\u00e9sident du parti islamiste Ennahdha, Cheikh Rached Ghannouchi a r\u00e9agi \u00e0 la pol\u00e9mique suscit\u00e9e par une probable candidature d\u2019Abelkarim Zebidi, ministre de la D\u00e9fense Nationale, aux prochaines pr\u00e9sidentielles, en disant que Zbidi est un homme patriotique et qu\u2019ils le consid\u00e8rent, \u00e0 Ennahdha, comme un ami. Concernant sa possible candidature \u00e0 la pr\u00e9sidentielle, Ghannouchi a dit que Zebidi \u00e9tait habilit\u00e9, comme tout le monde aux \u00e9lections pr\u00e9sidentielles.<\/p>\n<p>Ces sentiments amicaux et ces \u00e9loges, venus \u00e0 ce moment pr\u00e9cis, en pleine pol\u00e9mique et en pleine effervescence suscit\u00e9e par une \u00e9vidente crainte de sa candidature, venant de la bouche de Ghannouchi, pourront-ils \u00eatre pris pour de sinc\u00e8res compliments ou, plut\u00f4t, pour un coup sous la ceinture. Puisqu\u2019il n\u2019est plus de secret pour personne que toux ceux qui sont proches \u00e0 Ennahdha, ou ceux qu\u2019Ennahdha consid\u00e8re comme amis sont, imm\u00e9diatement et de ce fait, grill\u00e9s aux yeux des tunisien\u00a0!<\/p>\n<div class=\"code-block code-block-1 c5\"><ins class=\"adsbygoogle c4\" data-ad-layout=\"in-article\" data-ad-format=\"fluid\" data-ad-client=\"ca-pub-2102118777505746\" data-ad-slot=\"7301775417\"\/> <\/div>\n<div class=\"mvp-org-wrap mvp-org-logo\" itemprop=\"publisher\" itemscope=\"\" itemtype=\"https:\/\/schema.org\/Organization\"><img decoding=\"async\" src=\"https:\/\/www.tunisienumerique.com\/wp-content\/uploads\/2017\/02\/logo_tunisie_numerique.png\"\/><\/div>\n<div class=\"swp_social_panel swp_horizontal_panel swp_flat_fresh swp_default_full_color swp_individual_full_color swp_other_full_color scale-100 scale-\" data-min-width=\"1100\" data-float-color=\"#ffffff\" data-float=\"none\" data-float-mobile=\"none\" data-transition=\"slide\">\n<div class=\"nc_tweetContainer swp_share_button total_shares total_sharesalt\"><span class=\"swp_count\">61 <span class=\"swp_label\">Partages<\/span><\/span><\/div>\n<\/div>\n<div class=\"mvp-related-posts left relative\">\n<h4 class=\"post-header\"><span class=\"post-header\">Lire aussi<\/span><\/h4>\n<\/div>\n<\/div>\n<p>Auteur: LM<br \/>\n<a href=\"https:\/\/www.tunisienumerique.com\/tunisie-ghannouchi-nous-considerons-zebidi-comme-un-ami-est-ce-un-compliment-ou-un-coup-sous-la-ceinture\/\">Cliquez ici pour lire l&rsquo;article depuis sa source.<\/a><\/p>\n","protected":false},"excerpt":{"rendered":"<p>61 Partages Le pr\u00e9sident du parti islamiste Ennahdha, Cheikh Rached Ghannouchi a r\u00e9agi \u00e0 la pol\u00e9mique suscit\u00e9e par une probable candidature d\u2019Abelkarim Zebidi, ministre de la D\u00e9fense Nationale, aux prochaines pr\u00e9sidentielles, en disant que Zbidi est un homme patriotique et qu\u2019ils le consid\u00e8rent, \u00e0 Ennahdha, comme un ami. Concernant sa possible candidature \u00e0 la pr\u00e9sidentielle, [&hellip;]<\/p>\n","protected":false},"author":1789,"featured_media":49267,"comment_status":"closed","ping_status":"closed","sticky":false,"template":"","format":"standard","meta":{"fifu_image_url":"","fifu_image_alt":"","footnotes":""},"categories":[73,55],"tags":[],"class_list":["post-49266","post","type-post","status-publish","format-standard","has-post-thumbnail","hentry","category-actualite","category-tunisie"],"_links":{"self":[{"href":"https:\/\/linitiative.ca\/International\/wp-json\/wp\/v2\/posts\/49266","targetHints":{"allow":["GET"]}}],"collection":[{"href":"https:\/\/linitiative.ca\/International\/wp-json\/wp\/v2\/posts"}],"about":[{"href":"https:\/\/linitiative.ca\/International\/wp-json\/wp\/v2\/types\/post"}],"author":[{"embeddable":true,"href":"https:\/\/linitiative.ca\/International\/wp-json\/wp\/v2\/users\/1789"}],"replies":[{"embeddable":true,"href":"https:\/\/linitiative.ca\/International\/wp-json\/wp\/v2\/comments?post=49266"}],"version-history":[{"count":0,"href":"https:\/\/linitiative.ca\/International\/wp-json\/wp\/v2\/posts\/49266\/revisions"}],"wp:featuredmedia":[{"embeddable":true,"href":"https:\/\/linitiative.ca\/International\/wp-json\/"}],"wp:attachment":[{"href":"https:\/\/linitiative.ca\/International\/wp-json\/wp\/v2\/media?parent=49266"}],"wp:term":[{"taxonomy":"category","embeddable":true,"href":"https:\/\/linitiative.ca\/International\/wp-json\/wp\/v2\/categories?post=49266"},{"taxonomy":"post_tag","embeddable":true,"href":"https:\/\/linitiative.ca\/International\/wp-json\/wp\/v2\/tags?post=49266"}],"curies":[{"name":"wp","href":"https:\/\/api.w.org\/{rel}","templated":true}]}}