{"id":49270,"date":"2019-07-29T17:02:50","date_gmt":"2019-07-29T21:02:50","guid":{"rendered":"https:\/\/linitiative.ca\/International\/tunisie-youssef-chahed-le-deuil-dans-le-coeur-et-les-preoccupations-du-pays-dans-lesprit\/"},"modified":"2019-07-29T17:02:50","modified_gmt":"2019-07-29T21:02:50","slug":"tunisie-youssef-chahed-le-deuil-dans-le-coeur-et-les-preoccupations-du-pays-dans-lesprit","status":"publish","type":"post","link":"https:\/\/linitiative.ca\/International\/tunisie-youssef-chahed-le-deuil-dans-le-coeur-et-les-preoccupations-du-pays-dans-lesprit\/","title":{"rendered":"Tunisie \u2013 Youssef Chahed\u00a0: Le deuil dans le c\u0153ur, et les pr\u00e9occupations du pays dans l\u2019esprit"},"content":{"rendered":"<div class=\"post-cont-in left relative\">\n<div class=\"swp_social_panel swp_horizontal_panel swp_flat_fresh swp_default_full_color swp_individual_full_color swp_other_full_color scale-100 scale-\" data-min-width=\"1100\" data-float-color=\"#ffffff\" data-float=\"none\" data-float-mobile=\"none\" data-transition=\"slide\">\n<div class=\"nc_tweetContainer swp_share_button total_shares total_sharesalt\"><span class=\"swp_count\">1 <span class=\"swp_label\">Partages<\/span><\/span><\/div>\n<\/div>\n<p>C\u2019est en ces termes que le chef du gouvernement a exprim\u00e9, ce lundi, son \u00e9tat d\u2019\u00e2me, en reprenant ses activit\u00e9s, et en pr\u00e9sidant, notamment, un conseil minist\u00e9riel, pour \u00e9tudier les projets de l\u2019Etat, dans les r\u00e9gions, qui painent \u00e0 avancer. Il a dit que malgr\u00e9 la tristesse et la douleur du deuil, il fallait bien que l\u2019Etat continue de fonctionner\u00a0!<\/p>\n<p>Le chef du gouvernement s\u2019est int\u00e9ress\u00e9 \u00e0 ces projets \u00ab\u00a0en panne\u00a0\u00bb, et s\u2019est enquis des causes de ces embuches qui retardent leur mise en \u0153uvre.<\/p>\n<div class=\"code-block code-block-1 c5\"><ins class=\"adsbygoogle c4\" data-ad-layout=\"in-article\" data-ad-format=\"fluid\" data-ad-client=\"ca-pub-2102118777505746\" data-ad-slot=\"7301775417\"\/> <\/div>\n<p>Par ailleurs, le chef du gouvernement a re\u00e7u, plus tard dans la journ\u00e9e, le ministre saoudien de l\u2019int\u00e9rieur, o\u00f9 il \u00e9tait question de la coop\u00e9ration s\u00e9curitaire entre les deux pays fr\u00e8res, notamment, en mati\u00e8re de lutte contre le terrorisme.<\/p>\n<p>Les services proches de la pr\u00e9sidence du gouvernement ont annonc\u00e9 que Youssef Chahed effectuera, demain, une visite de terrain, pour superviser l\u2019avancement des travaux dans un endroit qui n\u2019a pas \u00e9t\u00e9 divulgu\u00e9.<\/p>\n<div class=\"mvp-org-wrap mvp-org-logo\" itemprop=\"publisher\" itemscope=\"\" itemtype=\"https:\/\/schema.org\/Organization\"><img decoding=\"async\" src=\"https:\/\/www.tunisienumerique.com\/wp-content\/uploads\/2017\/02\/logo_tunisie_numerique.png\"\/><\/div>\n<div class=\"swp_social_panel swp_horizontal_panel swp_flat_fresh swp_default_full_color swp_individual_full_color swp_other_full_color scale-100 scale-\" data-min-width=\"1100\" data-float-color=\"#ffffff\" data-float=\"none\" data-float-mobile=\"none\" data-transition=\"slide\">\n<div class=\"nc_tweetContainer swp_share_button total_shares total_sharesalt\"><span class=\"swp_count\">1 <span class=\"swp_label\">Partages<\/span><\/span><\/div>\n<\/div>\n<div class=\"mvp-related-posts left relative\">\n<h4 class=\"post-header\"><span class=\"post-header\">Lire aussi<\/span><\/h4>\n<\/div>\n<\/div>\n<p>Auteur: LM<br \/>\n<a href=\"https:\/\/www.tunisienumerique.com\/tunisie-youssef-chahed-le-deuil-dans-le-coeur-et-les-preoccupations-du-pays-dans-lesprit\/\">Cliquez ici pour lire l&rsquo;article depuis sa source.<\/a><\/p>\n","protected":false},"excerpt":{"rendered":"<p>1 Partages C\u2019est en ces termes que le chef du gouvernement a exprim\u00e9, ce lundi, son \u00e9tat d\u2019\u00e2me, en reprenant ses activit\u00e9s, et en pr\u00e9sidant, notamment, un conseil minist\u00e9riel, pour \u00e9tudier les projets de l\u2019Etat, dans les r\u00e9gions, qui painent \u00e0 avancer. Il a dit que malgr\u00e9 la tristesse et la douleur du deuil, il [&hellip;]<\/p>\n","protected":false},"author":1789,"featured_media":49271,"comment_status":"closed","ping_status":"closed","sticky":false,"template":"","format":"standard","meta":{"fifu_image_url":"","fifu_image_alt":"","footnotes":""},"categories":[73,55],"tags":[],"class_list":["post-49270","post","type-post","status-publish","format-standard","has-post-thumbnail","hentry","category-actualite","category-tunisie"],"_links":{"self":[{"href":"https:\/\/linitiative.ca\/International\/wp-json\/wp\/v2\/posts\/49270","targetHints":{"allow":["GET"]}}],"collection":[{"href":"https:\/\/linitiative.ca\/International\/wp-json\/wp\/v2\/posts"}],"about":[{"href":"https:\/\/linitiative.ca\/International\/wp-json\/wp\/v2\/types\/post"}],"author":[{"embeddable":true,"href":"https:\/\/linitiative.ca\/International\/wp-json\/wp\/v2\/users\/1789"}],"replies":[{"embeddable":true,"href":"https:\/\/linitiative.ca\/International\/wp-json\/wp\/v2\/comments?post=49270"}],"version-history":[{"count":0,"href":"https:\/\/linitiative.ca\/International\/wp-json\/wp\/v2\/posts\/49270\/revisions"}],"wp:featuredmedia":[{"embeddable":true,"href":"https:\/\/linitiative.ca\/International\/wp-json\/"}],"wp:attachment":[{"href":"https:\/\/linitiative.ca\/International\/wp-json\/wp\/v2\/media?parent=49270"}],"wp:term":[{"taxonomy":"category","embeddable":true,"href":"https:\/\/linitiative.ca\/International\/wp-json\/wp\/v2\/categories?post=49270"},{"taxonomy":"post_tag","embeddable":true,"href":"https:\/\/linitiative.ca\/International\/wp-json\/wp\/v2\/tags?post=49270"}],"curies":[{"name":"wp","href":"https:\/\/api.w.org\/{rel}","templated":true}]}}