{"id":49272,"date":"2019-07-29T16:39:11","date_gmt":"2019-07-29T20:39:11","guid":{"rendered":"https:\/\/linitiative.ca\/International\/nouveau-carnage-au-soudan\/"},"modified":"2019-07-29T16:39:11","modified_gmt":"2019-07-29T20:39:11","slug":"nouveau-carnage-au-soudan","status":"publish","type":"post","link":"https:\/\/linitiative.ca\/International\/nouveau-carnage-au-soudan\/","title":{"rendered":"NOUVEAU CARNAGE AU SOUDAN"},"content":{"rendered":"<div class=\"stream-item stream-item-above-post-content\">\n<p><noscript><\/p>\n<p><a href=\"\/\/www3.smartadserver.com\/ac?jump=1&#038;nwid=2136&#038;siteid=240610&#038;pgname=rg&#038;fmtid=49046&#038;visit=m&#038;tmstp=[timestamp]&#038;out=nonrich\" target=\"_blank\" rel=\"noopener noreferrer\"><img decoding=\"async\" src=\"\/\/www3.smartadserver.com\/ac?out=nonrich&#038;nwid=2136&#038;siteid=240610&#038;pgname=rg&#038;fmtid=49046&#038;visit=m&#038;tmstp=[timestamp]\" border=\"0\" alt=\"\"\/><\/a><\/p>\n<p><\/noscript><\/div>\n<p class=\"c3\"><em>D\u00e9cid\u00e9ment, l\u2019arm\u00e9e soudanaise se sera montr\u00e9e intraitable jusqu\u2019au bout. En effet, apr\u00e8s le massacre du 3 juin dernier qui a co\u00fbt\u00e9 la vie \u00e0 une centaine de personnes, elle vient encore de commettre un nouveau carnage. Elle a r\u00e9prim\u00e9 dans le sang, une manifestation d\u2019\u00e9tudiants, laissant sur le carreau cinq cadavres. C\u2019\u00e9tait hier, 29 juillet 2019. Ces manifestants, faut-il le rappeler, protestaient contre les p\u00e9nuries de pain, d\u2019\u00e9lectricit\u00e9, d\u2019eau dans le centre du pays, qui ont \u00e9t\u00e9 \u00e0 l\u2019origine des manifs ayant entra\u00een\u00e9 la chute du dictateur Omar el-B\u00e9chir. C\u2019est donc clair comme de l\u2019eau de roche\u00a0: l\u2019arm\u00e9e soudanaise n\u2019entend pas reculer. Elle veut rester au c\u0153ur du jeu politique. En tout cas, nombreux sont ceux qui doutent de sa bonne foi. Droite dans ses bottes, elle semble en faire \u00e0 sa t\u00eate, d\u00e9termin\u00e9e qu\u2019elle est \u00e0 mettre fin \u00e0 la contestation.<\/em><\/p>\n<p><em><strong>\u00a0<\/strong><\/em><\/p>\n<p><em><strong>\u00a0<\/strong><\/em><\/p>\n<p><em><strong>D\u00e9boulonner le Conseil militaire de transition, ressemble de plus en plus \u00e0 une t\u00e2che hercul\u00e9enne pour l\u2019opposition<\/strong><\/em><\/p>\n<p><em><strong>\u00a0<\/strong><\/em><\/p>\n<p class=\"c3\">A preuve, on imagine ais\u00e9ment que la foudre qui s\u2019est abattue, hier, sur la t\u00eate des contestataires, a pour effet de briser l\u2019\u00e9lan de nombreux manifestants qui seront d\u00e9sormais tenaill\u00e9s par la peur. En tous les cas, d\u00e9boulonner le Conseil militaire de transition, ressemble de plus en plus \u00e0 une t\u00e2che hercul\u00e9enne pour l\u2019opposition, quand on sait que la hi\u00e9rarchie militaire b\u00e9n\u00e9ficie des conseils d\u2019un partisan de la ligne dure comme le pr\u00e9sident \u00e9gyptien, le G\u00e9n\u00e9ral Al Sissi, par ailleurs pr\u00e9sident de l\u2019Union africaine (UA), et du soutien financier des monarchies p\u00e9troli\u00e8res du Golfe. Et ce ne sont pas les atermoiements du Conseil de s\u00e9curit\u00e9 des Nations unies (ONU) qui a \u00e9chou\u00e9 \u00e0 adopter une r\u00e9solution condamnant les r\u00e9centes tueries \u00e0 cause de l\u2019opposition syst\u00e9matique de la Russie et de la Chine, qui peuvent faire plier la junte soudanaise. Pour le peuple soudanais donc, la lutte doit continuer. C\u2019est dans cette perspective que l\u2019Association des professionnels soudanais (APS), fer de lance du mouvement de contestation du pouvoir militaire, appelle \u00e0 une gr\u00e8ve g\u00e9n\u00e9rale dans les prochains jours et \u00e0 la d\u00e9sob\u00e9issance civile. Et ce serait faire un mauvais proc\u00e8s aux leaders du mouvement de contestation, que de leur reprocher de radicaliser la lutte. Du reste, quel cr\u00e9dit peut-on encore accorder \u00e0 cette junte dont les promesses sont aussi mouvantes que les dunes du sable du d\u00e9sert ? En tout cas, ce serait faire preuve d\u2019une grande na\u00efvet\u00e9 politique que de croire que cette arm\u00e9e qui est pr\u00eate \u00e0 tuer pour conserver le pouvoir qu\u2019elle a subtilis\u00e9 au peuple au lendemain de la chute du dictateur Omar El B\u00e9chir, le l\u00e2chera aussi facilement qu\u2019elle le pr\u00e9tend.<\/p>\n<p><em><strong>L\u2019opposition soudanaise doit travailler \u00e0 pr\u00e9senter un front uni face \u00e0 l\u2019adversaire<\/strong><\/em><\/p>\n<p><em><strong>\u00a0<\/strong><\/em><\/p>\n<p class=\"c3\">Et m\u00eame si par la force des choses, elle venait \u00e0 aller aux \u00e9lections, il faut craindre une d\u00e9volution arrang\u00e9e du pouvoir entre militaires, comme cela s\u2019est pass\u00e9 exactement chez le voisin \u00e9gyptien.Cela dit, il ne suffit pas, pour l\u2019opposition soudanaise, de faire preuve de d\u00e9termination pour remporter la victoire dans cette lutte, surtout face \u00e0 des gens qui ont le doigt sur la g\u00e2chette. Il faut d\u2019abord et surtout faire preuve d\u2019imagination. Et m\u00eame si cela ne semble pas gagn\u00e9 d\u2019office, cette ruse reste dans le domaine du possible car l\u2019opposition l\u2019avait r\u00e9ussie pour parvenir \u00e0 faire chuter Omar El B\u00e9chir. Pourquoi ne le r\u00e9ussirait-elle pas avec la junte\u00a0? Toujours est-il que l\u2019opposition soudanaise doit travailler elle-m\u00eame \u00e0 pr\u00e9senter un front uni face \u00e0 l\u2019adversaire. Car, on le sait, avant la r\u00e9pression, le mouvement de la contestation \u00e9tait ballot\u00e9 par des vents contraires qui avaient retard\u00e9 la gr\u00e8ve g\u00e9n\u00e9rale et la d\u00e9sob\u00e9issance civile annonc\u00e9es de longue date. C\u2019est dire que le changement de strat\u00e9gie s\u2019impose apr\u00e8s le bain de sang dont s\u2019est rendue encore coupable l\u2019arm\u00e9e, m\u00eame si celle-ci s\u2019en d\u00e9fend.<\/p>\n<p><strong><em>\u00ab\u00a0 Le Pays\u00a0\u00bb<\/em><\/strong><\/p>\n<p><strong>\u00a0<\/strong><\/p>\n<p>Auteur: Le Pays<br \/>\n<a href=\"http:\/\/lepays.bf\/nouveau-carnage-au-soudan\/\">Cliquez ici pour lire l&rsquo;article depuis sa source.<\/a><\/p>\n","protected":false},"excerpt":{"rendered":"<p>D\u00e9cid\u00e9ment, l\u2019arm\u00e9e soudanaise se sera montr\u00e9e intraitable jusqu\u2019au bout. En effet, apr\u00e8s le massacre du 3 juin dernier qui a co\u00fbt\u00e9 la vie \u00e0 une centaine de personnes, elle vient encore de commettre un nouveau carnage. Elle a r\u00e9prim\u00e9 dans le sang, une manifestation d\u2019\u00e9tudiants, laissant sur le carreau cinq cadavres. C\u2019\u00e9tait hier, 29 juillet [&hellip;]<\/p>\n","protected":false},"author":1813,"featured_media":0,"comment_status":"closed","ping_status":"closed","sticky":false,"template":"","format":"standard","meta":{"fifu_image_url":"","fifu_image_alt":"","footnotes":""},"categories":[73,81],"tags":[],"class_list":["post-49272","post","type-post","status-publish","format-standard","hentry","category-actualite","category-burkina-faso"],"_links":{"self":[{"href":"https:\/\/linitiative.ca\/International\/wp-json\/wp\/v2\/posts\/49272","targetHints":{"allow":["GET"]}}],"collection":[{"href":"https:\/\/linitiative.ca\/International\/wp-json\/wp\/v2\/posts"}],"about":[{"href":"https:\/\/linitiative.ca\/International\/wp-json\/wp\/v2\/types\/post"}],"author":[{"embeddable":true,"href":"https:\/\/linitiative.ca\/International\/wp-json\/wp\/v2\/users\/1813"}],"replies":[{"embeddable":true,"href":"https:\/\/linitiative.ca\/International\/wp-json\/wp\/v2\/comments?post=49272"}],"version-history":[{"count":0,"href":"https:\/\/linitiative.ca\/International\/wp-json\/wp\/v2\/posts\/49272\/revisions"}],"wp:attachment":[{"href":"https:\/\/linitiative.ca\/International\/wp-json\/wp\/v2\/media?parent=49272"}],"wp:term":[{"taxonomy":"category","embeddable":true,"href":"https:\/\/linitiative.ca\/International\/wp-json\/wp\/v2\/categories?post=49272"},{"taxonomy":"post_tag","embeddable":true,"href":"https:\/\/linitiative.ca\/International\/wp-json\/wp\/v2\/tags?post=49272"}],"curies":[{"name":"wp","href":"https:\/\/api.w.org\/{rel}","templated":true}]}}