{"id":49273,"date":"2019-07-29T16:43:05","date_gmt":"2019-07-29T20:43:05","guid":{"rendered":"https:\/\/linitiative.ca\/International\/rencontre-bedie-gbagbo\/"},"modified":"2019-07-29T16:43:05","modified_gmt":"2019-07-29T20:43:05","slug":"rencontre-bedie-gbagbo","status":"publish","type":"post","link":"https:\/\/linitiative.ca\/International\/rencontre-bedie-gbagbo\/","title":{"rendered":"RENCONTRE BEDIE\/GBAGBO  \u00a0"},"content":{"rendered":"<div class=\"stream-item stream-item-above-post-content\">\n<p><noscript><\/p>\n<p><a href=\"\/\/www3.smartadserver.com\/ac?jump=1&#038;nwid=2136&#038;siteid=240610&#038;pgname=rg&#038;fmtid=49046&#038;visit=m&#038;tmstp=[timestamp]&#038;out=nonrich\" target=\"_blank\" rel=\"noopener noreferrer\"><img decoding=\"async\" src=\"\/\/www3.smartadserver.com\/ac?out=nonrich&#038;nwid=2136&#038;siteid=240610&#038;pgname=rg&#038;fmtid=49046&#038;visit=m&#038;tmstp=[timestamp]\" border=\"0\" alt=\"\"\/><\/a><\/p>\n<p><\/noscript><\/div>\n<p><em>\u00a0Maintes fois annonc\u00e9e et \u00a0plusieurs fois report\u00e9e, la rencontre entre Henri Konan B\u00e9di\u00e9 (HKB) et Laurent\u00a0 Gbagbo a enfin eu lieu, hier, 29 juillet 2019, \u00e0 Bruxelles, en Belgique. Pour les uns, il s\u2019agit d\u2019une \u00ab\u00a0rencontre du si\u00e8cle\u00a0\u00bb tandis que d\u2019autres parlent de \u00ab\u00a0rencontre historique\u00a0\u00bb. En tout cas, pour un \u00e9v\u00e8nement, c\u2019en est un, tant les deux anciens pr\u00e9sidents ivoiriens \u00e9taient connus pour \u00eatre des ennemis jur\u00e9s. Si fait qu\u2019\u00e0 la pr\u00e9sidentielle de 2010, HKB avait pris fait et cause pour Alassane Dramane Ouattara (ADO) qu\u2019il a finalement quitt\u00e9 du fait des divergences n\u00e9es de l\u2019\u00e9rection du Rassemblement des Houphou\u00e9tistes pour la d\u00e9mocratie et la paix (RHDP) en parti politique. Et comme l\u2019ennemi de mon ennemi est,\u00a0 par principe, un ami, on comprend d\u00e8s lors pourquoi HKB a d\u00e9cid\u00e9 de se rapprocher de l\u2019ex-pensionnaire de la prison de Scheveningen qui, on le sait, ne veut pas voir le pr\u00e9sident ADO m\u00eame en peinture. Certes, les deux partis que sont le PDCI\/RDA de HKB et le FPI de Gbagbo parlent de rapprochement id\u00e9ologique mais il ne s\u2019agit\u00a0, en r\u00e9alit\u00e9, que d\u2019une alliance de raison et de circonstance destin\u00e9e \u00e0 barrer la route au candidat du RDR qu\u2019est Amadou Gon Coulibaly, catapult\u00e9 par le pr\u00e9sident Ouattara. Seulement, ce front anti-ADO qui se \u00a0dessine,\u00a0 bute contre un obstacle de taille. Il s\u2019agit des cas de l\u2019ex-pr\u00e9sident de l\u2019Assembl\u00e9e nationale, Guillaume Soro, qui est aussi entr\u00e9 en conflit ouvert avec l\u2019actuel chef de l\u2019Etat, son mentor d\u2019hier. En effet, pendant que le Sphinx de Daoukro plaide pour une coalition plus large, incluant l\u2019ex-rebelle, le fils de Mama, lui, reste encore tr\u00e8s circonspect.<\/em><\/p>\n<p><em>\u00a0<\/em><\/p>\n<p><strong>Gon Coulibaly pourrait ne pas faire le poids face \u00e0 une alliance B\u00e9di\u00e9-Gbagbo-Soro<\/strong><\/p>\n<p><strong>\u00a0<\/strong><\/p>\n<p class=\"c3\">Ce dernier garde encore en m\u00e9moire ce qu\u2019il consid\u00e8re comme une trahison de la part de son ex-Premier ministre qui, au plus fort de la crise post-\u00e9lectorale de 2010-2011, s\u2019\u00e9tait retrouv\u00e9 avec son rival \u00e0 l\u2019h\u00f4tel du Golf. Et ce n\u2019est pas tout. Pendant que Gbagbo fait de la r\u00e9conciliation nationale une priorit\u00e9 avant les prochaines \u00e9ch\u00e9ances \u00e9lectorales, B\u00e9di\u00e9 et Soro ont les yeux riv\u00e9s sur la pr\u00e9sidentielle de 2020. Ceci pouvant expliquer cela, on comprend pourquoi la rencontre entre B\u00e9di\u00e9 et Gbagbo a pris du retard alors qu\u2019elle se voulait imminente, si l\u2019on en croit les proches des deux personnalit\u00e9s qui jouaient les interm\u00e9diaires. Mais peu importe. Car mieux vaut tard que jamais, dit-on. Maintenant que les deux\u00a0 hommes ont manifest\u00e9 leur volont\u00e9 de marcher main dans la main dans la perspective de la pr\u00e9sidentielle sans pour autant dire si oui ou non ils seront candidats, que fera le\u00a0 pr\u00e9sident ADO dont on dit qu\u2019il a tent\u00e9 par tous les moyens, de torpiller ce rapprochement\u00a0? Va-t-il revenir sur sa d\u00e9cision de renoncer au pouvoir\u00a0; lui qui a d\u00e9j\u00e0 choisi Gon Coulibaly comme dauphin m\u00eame si d\u2019aucuns estiment que ce dernier souffre d\u2019un <em>\u00ab\u00a0d\u00e9ficit de popularit\u00e9 tr\u00e8s net\u00a0\u00bb\u00a0?<\/em> On attend de voir. Mais une chose est certaine. Gon Coulibaly qui tra\u00eene le scandale des 418 milliards de F CFA dilapid\u00e9s, du Programme pr\u00e9sidentiel d\u2019urgence, comme un boulet \u00e0 son pied, pourrait ne pas faire le poids face \u00e0 une alliance B\u00e9di\u00e9-Gbagbo-Soro. Et c\u2019est peu dire.<\/p>\n<p><strong>B.O<\/strong><\/p>\n<p>Auteur: Le Pays<br \/>\n<a href=\"http:\/\/lepays.bf\/rencontre-bedie-gbagbo\/\">Cliquez ici pour lire l&rsquo;article depuis sa source.<\/a><\/p>\n","protected":false},"excerpt":{"rendered":"<p>\u00a0Maintes fois annonc\u00e9e et \u00a0plusieurs fois report\u00e9e, la rencontre entre Henri Konan B\u00e9di\u00e9 (HKB) et Laurent\u00a0 Gbagbo a enfin eu lieu, hier, 29 juillet 2019, \u00e0 Bruxelles, en Belgique. Pour les uns, il s\u2019agit d\u2019une \u00ab\u00a0rencontre du si\u00e8cle\u00a0\u00bb tandis que d\u2019autres parlent de \u00ab\u00a0rencontre historique\u00a0\u00bb. En tout cas, pour un \u00e9v\u00e8nement, c\u2019en est un, tant [&hellip;]<\/p>\n","protected":false},"author":1813,"featured_media":0,"comment_status":"closed","ping_status":"closed","sticky":false,"template":"","format":"standard","meta":{"fifu_image_url":"","fifu_image_alt":"","footnotes":""},"categories":[73,81],"tags":[],"class_list":["post-49273","post","type-post","status-publish","format-standard","hentry","category-actualite","category-burkina-faso"],"_links":{"self":[{"href":"https:\/\/linitiative.ca\/International\/wp-json\/wp\/v2\/posts\/49273","targetHints":{"allow":["GET"]}}],"collection":[{"href":"https:\/\/linitiative.ca\/International\/wp-json\/wp\/v2\/posts"}],"about":[{"href":"https:\/\/linitiative.ca\/International\/wp-json\/wp\/v2\/types\/post"}],"author":[{"embeddable":true,"href":"https:\/\/linitiative.ca\/International\/wp-json\/wp\/v2\/users\/1813"}],"replies":[{"embeddable":true,"href":"https:\/\/linitiative.ca\/International\/wp-json\/wp\/v2\/comments?post=49273"}],"version-history":[{"count":0,"href":"https:\/\/linitiative.ca\/International\/wp-json\/wp\/v2\/posts\/49273\/revisions"}],"wp:attachment":[{"href":"https:\/\/linitiative.ca\/International\/wp-json\/wp\/v2\/media?parent=49273"}],"wp:term":[{"taxonomy":"category","embeddable":true,"href":"https:\/\/linitiative.ca\/International\/wp-json\/wp\/v2\/categories?post=49273"},{"taxonomy":"post_tag","embeddable":true,"href":"https:\/\/linitiative.ca\/International\/wp-json\/wp\/v2\/tags?post=49273"}],"curies":[{"name":"wp","href":"https:\/\/api.w.org\/{rel}","templated":true}]}}