{"id":49290,"date":"2019-07-29T15:18:06","date_gmt":"2019-07-29T19:18:06","guid":{"rendered":"https:\/\/linitiative.ca\/International\/leau-potable-coule-desormais-a-sassako-begnini-un-village-de-jacqueville\/"},"modified":"2019-07-29T15:18:06","modified_gmt":"2019-07-29T19:18:06","slug":"leau-potable-coule-desormais-a-sassako-begnini-un-village-de-jacqueville","status":"publish","type":"post","link":"https:\/\/linitiative.ca\/International\/leau-potable-coule-desormais-a-sassako-begnini-un-village-de-jacqueville\/","title":{"rendered":"L\u2019eau potable coule d\u00e9sormais \u00e0 Sassako-Begnini, un village de Jacqueville"},"content":{"rendered":"<div readability=\"32\">\n<p>Publi\u00e9 le 29.07.2019 \u00e0 20h18 par APA News<\/p>\n<\/div>\n<div readability=\"107\">\n<p>Danses et liesses populaires \u00e9taient observ\u00e9es lundi \u00e0 Sassako-Begnini, un village de Jacqueville, un d\u00e9partement dans le Sud ivoirien, o\u00f9 un syst\u00e8me d\u2019adduction en eau potable comprenant un ch\u00e2teau d\u2019eau, d\u2019un co\u00fbt de 500 millions Fcfa, a \u00e9t\u00e9 inaugur\u00e9 par des \u00e9missaires du gouvernement.Sous des salves d\u2019applaudissements, autorit\u00e9s coutumi\u00e8res, politiques, religieuses, administratives et des populations ont accueilli dans la ferveur cette source d\u2019eau, \u00e0 l\u2019ouverture symbolique d\u2019une potence sur un site am\u00e9nag\u00e9 \u00e0 quelques encablures du ch\u00e2teau d\u2019eau.<\/p>\n<p>Le ministre ivoirien de l\u2019\u00c9conomie num\u00e9rique et de la poste, Isaac D\u00e9, repr\u00e9sentant le Premier ministre, et le secr\u00e9taire d\u2019Etat aupr\u00e8s du Premier ministre, charg\u00e9 de la Promotion des investissements priv\u00e9s, tous deux \u00ab fils \u00bb de la r\u00e9gion, ont proc\u00e9d\u00e9 \u00e0 l\u2019inauguration de ce syst\u00e8me d\u2019adduction en eau potable.<\/p>\n<p>Il s\u2019agit d\u2019un syst\u00e8me d\u2019adduction en eau potable comprenant un ch\u00e2teau d\u2019eau de 50 m3, un forage d\u2019une production de 1 m3\/h avec un r\u00e9seau de distribution d\u2019une longueur de 14 Km et une ligne \u00e9lectrique moyenne tension de 1 Km, d\u2019un co\u00fbt global de 500 millions Fcfa, a indiqu\u00e9 M. Isaac D\u00e9.<\/p>\n<p>Cette infrastructure devrait permettre d\u2019alimenter en eau potable pr\u00e8s de 2 000 \u00e2mes, a dit le repr\u00e9sentant du Premier ministre, annon\u00e7ant qu\u2019 \u00ab au-del\u00e0 de cette r\u00e9alisation la R\u00e9gion des Grands ponts va b\u00e9n\u00e9ficier de la r\u00e9habilitation de plusieurs pompes \u00e0 motricit\u00e9 humaines et des ch\u00e2teaux d\u2019eau \u00bb.<\/p>\n<p>Selon M. Essis Esmel, \u00ab le programme social du gouvernement est en marche \u00bb avec de lancements r\u00e9cents de projets d\u2019\u00e9lectrification, et maintenant le gouvernement est pass\u00e9 \u00e0 l\u2019eau potable, et apr\u00e8s \u00e7a va \u00eatre les centres de sant\u00e9 ainsi de suite.<\/p>\n<p>Il a soulign\u00e9 que le gouvernement a fait adopter un programme qui vise \u00e0 porter le d\u00e9veloppement et surtout am\u00e9liorer les conditions de vie des populations au plan social. Aux siens, M. Essis a demand\u00e9 de faire \u00ab confiance \u00bb \u00e0 leur \u00ab fils \u00bb pour apporter le d\u00e9veloppement dans le d\u00e9partement.<\/p>\n<p>M. Isaac D\u00e9, chef de la d\u00e9l\u00e9gation gouvernementale, a appel\u00e9 \u00e0 la paix dans la R\u00e9gion que pr\u00f4ne le chef de l\u2019Etat Alassane Ouattara et le Premier ministre, Amadou Gon Coulibaly, ajoutant que \u00ab notre pays a besoin de paix \u00bb pour se d\u00e9velopper. \u00a0<\/p>\n<p>\u00abD\u00e9montrons chaque jour que nous sommes plus que jamais dispos\u00e9s \u00e0 faire de notre R\u00e9gion le symbole de la paix, de l\u2019unit\u00e9 et surtout du vivre ensemble fraternel malgr\u00e9 nos diff\u00e9rences politiques et ethniques \u00bb, a-t-il lanc\u00e9, dans un discours.\u00a0<\/p>\n<p>\u00a0Le maire de Jacqueville , Joachim Beugr\u00e9, s\u2019est dit tr\u00e8s heureux de la construction de ce ch\u00e2teau d\u2019eau \u00e0 Sassako-Begnini, son village, o\u00f9 les populations sont desservies en eau par \u00ab un petit ch\u00e2teau d\u2019eau \u00bb de fortune administr\u00e9 par un g\u00e9rant. \u00a0\u00a0<\/p>\n<\/div>\n<p>Auteur: APA News<br \/>\n<a href=\"https:\/\/www.journalducameroun.com\/leau-potable-coule-desormais-a-sassako-begnini-un-village-de-jacqueville\/\">Cliquez ici pour lire l&rsquo;article depuis sa source.<\/a><\/p>\n","protected":false},"excerpt":{"rendered":"<p>Publi\u00e9 le 29.07.2019 \u00e0 20h18 par APA News Danses et liesses populaires \u00e9taient observ\u00e9es lundi \u00e0 Sassako-Begnini, un village de Jacqueville, un d\u00e9partement dans le Sud ivoirien, o\u00f9 un syst\u00e8me d\u2019adduction en eau potable comprenant un ch\u00e2teau d\u2019eau, d\u2019un co\u00fbt de 500 millions Fcfa, a \u00e9t\u00e9 inaugur\u00e9 par des \u00e9missaires du gouvernement.Sous des salves d\u2019applaudissements, [&hellip;]<\/p>\n","protected":false},"author":1965,"featured_media":0,"comment_status":"closed","ping_status":"closed","sticky":false,"template":"","format":"standard","meta":{"fifu_image_url":"","fifu_image_alt":"","footnotes":""},"categories":[73,82],"tags":[],"class_list":["post-49290","post","type-post","status-publish","format-standard","hentry","category-actualite","category-cameroun"],"_links":{"self":[{"href":"https:\/\/linitiative.ca\/International\/wp-json\/wp\/v2\/posts\/49290","targetHints":{"allow":["GET"]}}],"collection":[{"href":"https:\/\/linitiative.ca\/International\/wp-json\/wp\/v2\/posts"}],"about":[{"href":"https:\/\/linitiative.ca\/International\/wp-json\/wp\/v2\/types\/post"}],"author":[{"embeddable":true,"href":"https:\/\/linitiative.ca\/International\/wp-json\/wp\/v2\/users\/1965"}],"replies":[{"embeddable":true,"href":"https:\/\/linitiative.ca\/International\/wp-json\/wp\/v2\/comments?post=49290"}],"version-history":[{"count":0,"href":"https:\/\/linitiative.ca\/International\/wp-json\/wp\/v2\/posts\/49290\/revisions"}],"wp:attachment":[{"href":"https:\/\/linitiative.ca\/International\/wp-json\/wp\/v2\/media?parent=49290"}],"wp:term":[{"taxonomy":"category","embeddable":true,"href":"https:\/\/linitiative.ca\/International\/wp-json\/wp\/v2\/categories?post=49290"},{"taxonomy":"post_tag","embeddable":true,"href":"https:\/\/linitiative.ca\/International\/wp-json\/wp\/v2\/tags?post=49290"}],"curies":[{"name":"wp","href":"https:\/\/api.w.org\/{rel}","templated":true}]}}