{"id":49291,"date":"2019-07-29T15:18:08","date_gmt":"2019-07-29T19:18:08","guid":{"rendered":"https:\/\/linitiative.ca\/International\/au-10-des-mauritaniens-portent-le-virus-de-lhepatite-officiel\/"},"modified":"2019-07-29T15:18:08","modified_gmt":"2019-07-29T19:18:08","slug":"au-10-des-mauritaniens-portent-le-virus-de-lhepatite-officiel","status":"publish","type":"post","link":"https:\/\/linitiative.ca\/International\/au-10-des-mauritaniens-portent-le-virus-de-lhepatite-officiel\/","title":{"rendered":"Au 10% des Mauritaniens portent le virus de l\u2019h\u00e9patite (officiel)"},"content":{"rendered":"<div readability=\"32\">\n<p>Publi\u00e9 le 29.07.2019 \u00e0 20h18 par APA News<\/p>\n<\/div>\n<div readability=\"60\">\n<p>Au moins 10% des Mauritaniens portent le virus de l\u2019h\u00e9patite, a r\u00e9v\u00e9l\u00e9, lundi \u00e0 Nouakchott, le directeur g\u00e9n\u00e9ral de l\u2019Institut national d\u2019h\u00e9pato-virologie, Mustapha Ould Mohamedou lors d\u2019une c\u00e9r\u00e9monie comm\u00e9morant la Journ\u00e9e mondiale de lutte contre les h\u00e9patites sous le th\u00e8me : \u00ab Investissons pour \u00e9liminer l\u2019h\u00e9patite \u00bb.\u00a0\u00bbEntre 10 et 12% des Mauritaniens portent le virus de l\u2019h\u00e9patite\u00a0\u00bb, a notamment dit Mustapha Ould Mohamedou.<\/p>\n<p>Selon lui, les h\u00e9patites virales constituent un probl\u00e8me de sant\u00e9 publique majeur \u00e0 l\u2019\u00e9chelle du monde, o\u00f9 les cat\u00e9gories B et C de la maladie touchent 325 millions de personnes et provoquent 1,4 million de d\u00e9c\u00e8s par an.<\/p>\n<p>A l\u2019\u00e9chelle du continent africain, 71 millions de personnes sont atteintes d\u2019h\u00e9patite B et C et moins d\u2019une personne sur dix parmi elles ont acc\u00e8s au d\u00e9pistage.<\/p>\n<p>Sur ce chiffre, plus de 200.000 personnes meurent chaque ann\u00e9e des suites de complications telles que la cirrhose et le cancer du foie en phase terminale.<\/p>\n<p>Face \u00e0 cette urgence, l\u2019Organisation Mondiale de la Sant\u00e9 (OMS) estime \u00e0 6 milliards de dollars am\u00e9ricains le volume des montants \u00e0 mobiliser pour atteindre des objectifs mondiaux d\u2019\u00e9limination des h\u00e9patites d\u2019ici 2030.<\/p>\n<\/div>\n<p>Auteur: APA News<br \/>\n<a href=\"https:\/\/www.journalducameroun.com\/au-10-des-mauritaniens-portent-le-virus-de-lhepatite-officiel\/\">Cliquez ici pour lire l&rsquo;article depuis sa source.<\/a><\/p>\n","protected":false},"excerpt":{"rendered":"<p>Publi\u00e9 le 29.07.2019 \u00e0 20h18 par APA News Au moins 10% des Mauritaniens portent le virus de l\u2019h\u00e9patite, a r\u00e9v\u00e9l\u00e9, lundi \u00e0 Nouakchott, le directeur g\u00e9n\u00e9ral de l\u2019Institut national d\u2019h\u00e9pato-virologie, Mustapha Ould Mohamedou lors d\u2019une c\u00e9r\u00e9monie comm\u00e9morant la Journ\u00e9e mondiale de lutte contre les h\u00e9patites sous le th\u00e8me : \u00ab Investissons pour \u00e9liminer l\u2019h\u00e9patite \u00bb.\u00a0\u00bbEntre [&hellip;]<\/p>\n","protected":false},"author":1965,"featured_media":0,"comment_status":"closed","ping_status":"closed","sticky":false,"template":"","format":"standard","meta":{"fifu_image_url":"","fifu_image_alt":"","footnotes":""},"categories":[73,82],"tags":[],"class_list":["post-49291","post","type-post","status-publish","format-standard","hentry","category-actualite","category-cameroun"],"_links":{"self":[{"href":"https:\/\/linitiative.ca\/International\/wp-json\/wp\/v2\/posts\/49291","targetHints":{"allow":["GET"]}}],"collection":[{"href":"https:\/\/linitiative.ca\/International\/wp-json\/wp\/v2\/posts"}],"about":[{"href":"https:\/\/linitiative.ca\/International\/wp-json\/wp\/v2\/types\/post"}],"author":[{"embeddable":true,"href":"https:\/\/linitiative.ca\/International\/wp-json\/wp\/v2\/users\/1965"}],"replies":[{"embeddable":true,"href":"https:\/\/linitiative.ca\/International\/wp-json\/wp\/v2\/comments?post=49291"}],"version-history":[{"count":0,"href":"https:\/\/linitiative.ca\/International\/wp-json\/wp\/v2\/posts\/49291\/revisions"}],"wp:attachment":[{"href":"https:\/\/linitiative.ca\/International\/wp-json\/wp\/v2\/media?parent=49291"}],"wp:term":[{"taxonomy":"category","embeddable":true,"href":"https:\/\/linitiative.ca\/International\/wp-json\/wp\/v2\/categories?post=49291"},{"taxonomy":"post_tag","embeddable":true,"href":"https:\/\/linitiative.ca\/International\/wp-json\/wp\/v2\/tags?post=49291"}],"curies":[{"name":"wp","href":"https:\/\/api.w.org\/{rel}","templated":true}]}}