{"id":49293,"date":"2019-07-29T17:21:02","date_gmt":"2019-07-29T21:21:02","guid":{"rendered":"https:\/\/linitiative.ca\/International\/crise-anglophone-quatre-separatistes-tues-dans-le-nord-ouest\/"},"modified":"2019-07-29T17:21:02","modified_gmt":"2019-07-29T21:21:02","slug":"crise-anglophone-quatre-separatistes-tues-dans-le-nord-ouest","status":"publish","type":"post","link":"https:\/\/linitiative.ca\/International\/crise-anglophone-quatre-separatistes-tues-dans-le-nord-ouest\/","title":{"rendered":"Crise anglophone : quatre s\u00e9paratistes tu\u00e9s dans le Nord-ouest"},"content":{"rendered":"<div readability=\"32\">\n<p>Publi\u00e9 le 29.07.2019 \u00e0 22h21 par journal du Cameroun<\/p>\n<\/div>\n<div readability=\"40\">\n<h2 class=\"c2\">C\u2019\u00e9tait au cours d\u2019une op\u00e9ration de l\u2019arm\u00e9e cons\u00e9cutive \u00e0 l\u2019attaque du convoi du gouverneur de la r\u00e9gion.<\/h2>\n<p class=\"c3\">Quatre combattants s\u00e9paratistes ont \u00e9t\u00e9 tu\u00e9s lundi \u00e0 Ndop, dans le Ngoketundjia,\u00a0 r\u00e9gion du Nord-Ouest du <strong>Cameroun<\/strong> ce 29 juillet. Il\u00a0 ont p\u00e9ri dans un accrochage avec l\u2019arm\u00e9e, qui du reste a r\u00e9cup\u00e9r\u00e9 les armes des secessionistes fait savoir une source de s\u00e9curit\u00e9.<\/p>\n<p class=\"c3\">L\u2019op\u00e9ration a \u00e9t\u00e9 men\u00e9e par les militaire apr\u00e8s l\u2019attaque du convoi du gouverneur Adolphe Lele L\u2019Afrique. Celui-ci\u00a0se rendait \u00e0 Nkambe dans de d\u00e9partement du Donga Mantung.<\/p>\n<\/div>\n<p>Auteur: Ludovic Amara<br \/>\n<a href=\"https:\/\/www.journalducameroun.com\/crise-anglophone-quatre-separatistes-tues-dans-le-nord-ouest-cameroun\/\">Cliquez ici pour lire l&rsquo;article depuis sa source.<\/a><\/p>\n","protected":false},"excerpt":{"rendered":"<p>Publi\u00e9 le 29.07.2019 \u00e0 22h21 par journal du Cameroun C\u2019\u00e9tait au cours d\u2019une op\u00e9ration de l\u2019arm\u00e9e cons\u00e9cutive \u00e0 l\u2019attaque du convoi du gouverneur de la r\u00e9gion. Quatre combattants s\u00e9paratistes ont \u00e9t\u00e9 tu\u00e9s lundi \u00e0 Ndop, dans le Ngoketundjia,\u00a0 r\u00e9gion du Nord-Ouest du Cameroun ce 29 juillet. Il\u00a0 ont p\u00e9ri dans un accrochage avec l\u2019arm\u00e9e, qui [&hellip;]<\/p>\n","protected":false},"author":1965,"featured_media":0,"comment_status":"closed","ping_status":"closed","sticky":false,"template":"","format":"standard","meta":{"fifu_image_url":"","fifu_image_alt":"","footnotes":""},"categories":[73,82],"tags":[],"class_list":["post-49293","post","type-post","status-publish","format-standard","hentry","category-actualite","category-cameroun"],"_links":{"self":[{"href":"https:\/\/linitiative.ca\/International\/wp-json\/wp\/v2\/posts\/49293","targetHints":{"allow":["GET"]}}],"collection":[{"href":"https:\/\/linitiative.ca\/International\/wp-json\/wp\/v2\/posts"}],"about":[{"href":"https:\/\/linitiative.ca\/International\/wp-json\/wp\/v2\/types\/post"}],"author":[{"embeddable":true,"href":"https:\/\/linitiative.ca\/International\/wp-json\/wp\/v2\/users\/1965"}],"replies":[{"embeddable":true,"href":"https:\/\/linitiative.ca\/International\/wp-json\/wp\/v2\/comments?post=49293"}],"version-history":[{"count":0,"href":"https:\/\/linitiative.ca\/International\/wp-json\/wp\/v2\/posts\/49293\/revisions"}],"wp:attachment":[{"href":"https:\/\/linitiative.ca\/International\/wp-json\/wp\/v2\/media?parent=49293"}],"wp:term":[{"taxonomy":"category","embeddable":true,"href":"https:\/\/linitiative.ca\/International\/wp-json\/wp\/v2\/categories?post=49293"},{"taxonomy":"post_tag","embeddable":true,"href":"https:\/\/linitiative.ca\/International\/wp-json\/wp\/v2\/tags?post=49293"}],"curies":[{"name":"wp","href":"https:\/\/api.w.org\/{rel}","templated":true}]}}