{"id":49294,"date":"2019-07-29T17:50:01","date_gmt":"2019-07-29T21:50:01","guid":{"rendered":"https:\/\/linitiative.ca\/International\/nouveau-bain-de-sang-dans-une-prison-au-bresil-52-morts\/"},"modified":"2019-07-29T17:50:01","modified_gmt":"2019-07-29T21:50:01","slug":"nouveau-bain-de-sang-dans-une-prison-au-bresil-52-morts","status":"publish","type":"post","link":"https:\/\/linitiative.ca\/International\/nouveau-bain-de-sang-dans-une-prison-au-bresil-52-morts\/","title":{"rendered":"Nouveau bain de sang dans une prison au Br\u00e9sil : 52 morts"},"content":{"rendered":"<div readability=\"32\">\n<p>Publi\u00e9 le 29.07.2019 \u00e0 22h50 par AFP<\/p>\n<\/div>\n<div readability=\"145\">\n<p>Au moins 52 d\u00e9tenus ont \u00e9t\u00e9 tu\u00e9s lundi lors d\u2019un affrontement dans une prison du nord du Br\u00e9sil, un nouveau massacre qui endeuille le syst\u00e8me p\u00e9nitentiaire de cette r\u00e9gion strat\u00e9gique o\u00f9 des factions criminelles rivales se disputent le trafic de coca\u00efne.<\/p>\n<p>Les autorit\u00e9s p\u00e9nitentiaires locales ont pr\u00e9cis\u00e9 que 16 prisonniers avaient \u00e9t\u00e9 retrouv\u00e9s d\u00e9capit\u00e9s.<\/p>\n<p>La mutinerie, qui a d\u00e9but\u00e9 vers 07H00 (10H00 GMT) au Centre de redressement r\u00e9gional d\u2019Altamira, dans l\u2019Etat du Para, au c\u0153ur de la for\u00eat amazonienne, s\u2019est termin\u00e9e en fin de matin\u00e9e.<\/p>\n<p>\u00ab\u00a0Deux gardiens ont \u00e9t\u00e9 pris en otage, mais ils ont vite \u00e9t\u00e9 lib\u00e9r\u00e9s parce que l\u2019objectif \u00e9tait de montrer qu\u2019il s\u2019agissait d\u2019un r\u00e8glement de comptes entre factions rivales et non une \u00e9meute pour protester contre les conditions de d\u00e9tention\u00a0\u00bb, a affirm\u00e9 le gouverneur du Para, Jarbas Vasconcelos, cit\u00e9 dans un communiqu\u00e9 des autorit\u00e9s locales.<\/p>\n<p>Des d\u00e9tenus issus d\u2019une section de la prison r\u00e9serv\u00e9e aux membres d\u2019une faction criminelle ont fait irruption dans une autre zone o\u00f9 se trouvaient des prisonniers appartenant \u00e0 un gang rival, avant d\u2019y mettre le feu.<\/p>\n<p>\u00ab\u00a0Il est probable que de nombreux d\u00e9tenus soient morts asphyxi\u00e9s\u00a0\u00bb, a soulign\u00e9 la porte-parole des services p\u00e9nitentiaires, pr\u00e9cisant que des experts \u00e9taient sur place et que le bilan pourrait encore s\u2019alourdir.<\/p>\n<p>Une vid\u00e9o circulant sur les r\u00e9seaux sociaux montre six t\u00eates de prisonniers entass\u00e9es contre un mur. Un d\u00e9tenu appara\u00eet ensuite dans le champ et fait rouler l\u2019une d\u2019elles avec son pied, comme s\u2019il s\u2019agissait d\u2019un ballon de football.<\/p>\n<p>Sur une autre vid\u00e9o, on peut voir des corps calcin\u00e9s sur un toit d\u2019o\u00f9 s\u2019\u00e9chappe une \u00e9paisse fum\u00e9e noire, tandis que des prisonniers arm\u00e9s de machettes arpentent les lieux.<\/p>\n<p>Le minist\u00e8re de la Justice a indiqu\u00e9 dans un communiqu\u00e9 que des places avaient \u00e9t\u00e9 rendues disponibles dans des prisons f\u00e9d\u00e9rales de haute s\u00e9curit\u00e9 pour que les \u00ab\u00a0leaders impliqu\u00e9s dans la mutinerie\u00a0\u00bb y soient transf\u00e9r\u00e9s.<\/p>\n<p>Le ministre Sergio Moro a \u00ab\u00a0d\u00e9plor\u00e9 les morts\u00a0\u00bb et annonc\u00e9 \u00ab\u00a0une intensification du travail des services de renseignement\u00a0\u00bb pour \u00e9viter que de tels drames se reproduisent.<\/p>\n<p>En septembre, sept prisonniers avaient trouv\u00e9 la mort lors d\u2019une mutinerie dans cette m\u00eame prison d\u2019Altamira. La mutinerie avait \u00e9t\u00e9 attribu\u00e9e \u00e0 une tentative d\u2019\u00e9vasion.<\/p>\n<p>\u2013 Route de la coca\u00efne \u2013<\/p>\n<p>Avec plus de 726.000 d\u00e9tenus recens\u00e9s en 2017, selon les derniers chiffres officiels, le Br\u00e9sil compte la troisi\u00e8me population p\u00e9nitentiaire du monde, souvent secou\u00e9e par des drames.<\/p>\n<p>La capacit\u00e9 officielle n\u2019est que de 423.242 places, environ trois cinqui\u00e8mes du total de personnes incarc\u00e9r\u00e9es dans ce pays de pr\u00e8s de 210 millions d\u2019habitants qui est l\u2019un des plus violents au monde.<\/p>\n<p>Fin mai, 55 d\u00e9tenus avaient \u00e9t\u00e9 tu\u00e9s en deux jours lors d\u2019affrontements dans plusieurs prisons de l\u2019Etat d\u2019Amazonie, \u00e9galement dans le nord du Br\u00e9sil.<\/p>\n<p>D\u00e9but 2017, des \u00e9meutes sanglantes avaient caus\u00e9 la mort d\u2019une centaine de prisonniers en un mois dans plusieurs Etats septentrionaux du pays, la plupart sauvagement assassin\u00e9s, nombre d\u2019entre eux \u00e9tant d\u00e9capit\u00e9s, parfois m\u00eame \u00e9visc\u00e9r\u00e9s.<\/p>\n<p>Des massacres attribu\u00e9s par les autorit\u00e9s aux affrontements entre factions rivales de narcotrafiquants, pour qui le nord du Br\u00e9sil est une zone strat\u00e9gique du transport de coca\u00efne en provenance de pays producteurs voisins comme la Colombie, le P\u00e9rou ou la Bolivie.<\/p>\n<p>Pour Robert Muggah, directeur de recherche de l\u2019Institut Igarape de Rio, \u00ab\u00a0les dirigeants br\u00e9siliens ont toujours r\u00e9pondu \u00e0 ces crises du syst\u00e8me p\u00e9nitentiaire en construisant plus de prisons et en pr\u00f4nant des peines plus lourdes\u00a0\u00bb.<\/p>\n<p>Il consid\u00e8re qu\u2019une solution plus efficace serait de \u00ab\u00a0chercher des alternatives \u00e0 la prison\u00a0\u00bb pour certaines infractions moins graves afin de r\u00e9duire la population carc\u00e9rale.<\/p>\n<p>Altamira, ville situ\u00e9e \u00e0 plus de 800 km de Belem, capitale du Para, conna\u00eet de graves probl\u00e8mes de d\u00e9forestation, des territoires cens\u00e9s \u00eatre r\u00e9serv\u00e9s aux tribus indig\u00e8nes \u00e9tant r\u00e9guli\u00e8rement la cible de trafiquants ill\u00e9gaux de bois et les gros propri\u00e9taires terriens.<\/p>\n<p>Cette ville d\u2019environ 110.000 habitants a vu sa population augmenter consid\u00e9rablement depuis le lancement en 2010 du projet de Belo Monte, une centrale hydro\u00e9lectrique dont la construction doit se terminer d\u2019ici la fin de l\u2019ann\u00e9e.<\/p>\n<p>Il comprend un barrage qui sera le troisi\u00e8me plus grand au monde, n\u00e9cessitant le d\u00e9placement de dizaines d\u2019habitants vivant sur les rives du Xingu, un affluent de l\u2019Amazone.<\/p>\n<\/div>\n<p>Auteur: AFP<br \/>\n<a href=\"https:\/\/www.journalducameroun.com\/nouveau-bain-de-sang-dans-une-prison-au-bresil-52-morts\/\">Cliquez ici pour lire l&rsquo;article depuis sa source.<\/a><\/p>\n","protected":false},"excerpt":{"rendered":"<p>Publi\u00e9 le 29.07.2019 \u00e0 22h50 par AFP Au moins 52 d\u00e9tenus ont \u00e9t\u00e9 tu\u00e9s lundi lors d\u2019un affrontement dans une prison du nord du Br\u00e9sil, un nouveau massacre qui endeuille le syst\u00e8me p\u00e9nitentiaire de cette r\u00e9gion strat\u00e9gique o\u00f9 des factions criminelles rivales se disputent le trafic de coca\u00efne. Les autorit\u00e9s p\u00e9nitentiaires locales ont pr\u00e9cis\u00e9 que [&hellip;]<\/p>\n","protected":false},"author":1965,"featured_media":0,"comment_status":"closed","ping_status":"closed","sticky":false,"template":"","format":"standard","meta":{"fifu_image_url":"","fifu_image_alt":"","footnotes":""},"categories":[73,82],"tags":[],"class_list":["post-49294","post","type-post","status-publish","format-standard","hentry","category-actualite","category-cameroun"],"_links":{"self":[{"href":"https:\/\/linitiative.ca\/International\/wp-json\/wp\/v2\/posts\/49294","targetHints":{"allow":["GET"]}}],"collection":[{"href":"https:\/\/linitiative.ca\/International\/wp-json\/wp\/v2\/posts"}],"about":[{"href":"https:\/\/linitiative.ca\/International\/wp-json\/wp\/v2\/types\/post"}],"author":[{"embeddable":true,"href":"https:\/\/linitiative.ca\/International\/wp-json\/wp\/v2\/users\/1965"}],"replies":[{"embeddable":true,"href":"https:\/\/linitiative.ca\/International\/wp-json\/wp\/v2\/comments?post=49294"}],"version-history":[{"count":0,"href":"https:\/\/linitiative.ca\/International\/wp-json\/wp\/v2\/posts\/49294\/revisions"}],"wp:attachment":[{"href":"https:\/\/linitiative.ca\/International\/wp-json\/wp\/v2\/media?parent=49294"}],"wp:term":[{"taxonomy":"category","embeddable":true,"href":"https:\/\/linitiative.ca\/International\/wp-json\/wp\/v2\/categories?post=49294"},{"taxonomy":"post_tag","embeddable":true,"href":"https:\/\/linitiative.ca\/International\/wp-json\/wp\/v2\/tags?post=49294"}],"curies":[{"name":"wp","href":"https:\/\/api.w.org\/{rel}","templated":true}]}}