{"id":49295,"date":"2019-07-29T17:50:03","date_gmt":"2019-07-29T21:50:03","guid":{"rendered":"https:\/\/linitiative.ca\/International\/rencontre-entre-les-ex-presidents-ivoiriens-gbagbo-et-bedie-a-bruxelles\/"},"modified":"2019-07-29T17:50:03","modified_gmt":"2019-07-29T21:50:03","slug":"rencontre-entre-les-ex-presidents-ivoiriens-gbagbo-et-bedie-a-bruxelles","status":"publish","type":"post","link":"https:\/\/linitiative.ca\/International\/rencontre-entre-les-ex-presidents-ivoiriens-gbagbo-et-bedie-a-bruxelles\/","title":{"rendered":"Rencontre entre les ex-pr\u00e9sidents ivoiriens Gbagbo et B\u00e9di\u00e9 \u00e0 Bruxelles"},"content":{"rendered":"<div readability=\"32\">\n<p>Publi\u00e9 le 29.07.2019 \u00e0 22h50 par AFP<\/p>\n<\/div>\n<div readability=\"134\">\n<p>La premi\u00e8re rencontre depuis 10 ans lundi \u00e0 Bruxelles entre deux anciens ennemis, les ex-pr\u00e9sidents ivoiriens Henri Konan B\u00e9di\u00e9 et Laurent Gbagbo, annonce sans doute la cr\u00e9ation d\u2019un front contre le camp de l\u2019actuel pr\u00e9sident Alassane Ouattara pour la pr\u00e9sidentielle de 2020.<\/p>\n<p>M. B\u00e9di\u00e9 (1993-1999, 85 ans) et M. Gbagbo (2000-2011, 74 ans), qui attend en Belgique une d\u00e9cision de la Cour p\u00e9nale internationale, se sont rencontr\u00e9s pour la premi\u00e8re fois depuis 2010 et la crise post-\u00e9lectorale qui avait fait plus de 3.000 morts apr\u00e8s le refus de Gbagbo d\u2019admettre sa d\u00e9faite face \u00e0 Ouattara.<\/p>\n<p>Ironie : B\u00e9di\u00e9 avait apport\u00e9 son soutien \u00e0 Ouattara contre Gbagbo au deuxi\u00e8me tour de la pr\u00e9sidentielle de 2010, et son parti, le PDCI (Parti d\u00e9mocratique de C\u00f4te d\u2019Ivoire), a particip\u00e9 activement \u00e0 la coalition au pouvoir jusqu\u2019en 2018. Cette coalition a alors vol\u00e9 en \u00e9clats car B\u00e9di\u00e9 estimait que la coalition devait soutenir un candidat du PDCI en 2020.<\/p>\n<p>\u00ab\u00a0Cette rencontre augure probablement d\u2019une alliance \u00e9lectorale. Il y a des zones de d\u00e9saccord forc\u00e9ment, mais on tait ces zones pour s\u2019unir contre Ouattara. C\u2019est du +Tout sauf Ouattara+ ou son successeur\u00a0\u00bb, estime le consultant Yves Ouya. \u00ab\u00a0Historiquement, deux partis ont besoin de s\u2019allier contre le troisi\u00e8me pour gagner\u00a0\u00bb.<\/p>\n<p>\u00ab\u00a0Cette rencontre a un fort \u00e9cho car les gens sont inquiets qu\u2019il y ait un remake de 2010\u00a0\u00bb, souligne M. Ouya. \u00ab\u00a0L\u00e0 on se retrouve 10 ans apr\u00e8s avec les m\u00eames, avec juste un glissement d\u2019un parti vers l\u2019autre. C\u2019est un \u00e9chec de g\u00e9n\u00e9ration\u00a0\u00bb.<\/p>\n<p>Lors de cet entretien, Henri Konan B\u00e9di\u00e9 \u00ab\u00a0s\u2019est particuli\u00e8rement r\u00e9joui de l\u2019acquittement du pr\u00e9sident Laurent Gbagbo et lui a vivement souhait\u00e9 un retour rapide en C\u00f4te d\u2019Ivoire\u00a0\u00bb, selon un communiqu\u00e9 commun sign\u00e9 de leurs deux partis.<\/p>\n<p>Acquitt\u00e9 par la Cour p\u00e9nale internationale, M. Gbagbo, qui \u00e9tait poursuivi pour crimes contre l\u2019humanit\u00e9, est actuellement en libert\u00e9 conditionnelle \u00e0 Bruxelles en attendant un \u00e9ventuel proc\u00e8s en appel.<\/p>\n<p>\u2013 \u00ab\u00a0Non-\u00e9v\u00e9nement\u00a0\u00bb \u2013<\/p>\n<p>\u00ab\u00a0Dans le cadre de l\u2019organisation d\u2019\u00e9lections justes, transparentes et \u00e9quitables en 2020\u00a0\u00bb, les deux hommes \u00ab\u00a0ont appel\u00e9 le gouvernement \u00e0 proc\u00e9der \u00e0 une r\u00e9forme profonde de la Commission \u00e9lectorale ind\u00e9pendante (CEI) afin qu\u2019elle puisse contribuer significativement \u00e0 la consolidation de la paix sociale en C\u00f4te d\u2019Ivoire\u00a0\u00bb.<\/p>\n<p>L\u2019actuelle r\u00e9forme de la CEI, qui doit \u00eatre ent\u00e9rin\u00e9e dans les prochains jours par l\u2019Assembl\u00e9e nationale, est d\u00e9cri\u00e9e par l\u2019opposition qui juge qu\u2019elle ne pr\u00e9sente pas des garanties d\u2019ind\u00e9pendance suffisantes.<\/p>\n<p>La cr\u00e9dibilit\u00e9 de la CEI est jug\u00e9e cruciale en vue de la pr\u00e9sidentielle de 2020, qui s\u2019annonce tendue.<\/p>\n<p>Pour le politologue Jean Alabro, cette alliance, \u00ab\u00a0m\u00eame si elle ne donne pas lieu \u00e0 un pacte \u00e9lectoral\u00a0\u00bb, montre que les opposants \u00ab\u00a0ne veulent pas forc\u00e9ment une belle mari\u00e9e mais le d\u00e9part de Ouattara. Ca envoie un signal \u00e0 tous ceux qui veulent son d\u00e9part. C\u2019est une dynamique qui se met en marche pour faire partir Ouattara ou son successeur\u00a0\u00bb.<\/p>\n<p>Du c\u00f4t\u00e9 du pouvoir, le porte-parole du Rassemblement des houphou\u00e9tistes pour la d\u00e9mocratie et la paix (RHDP), Kobenan Kouassi Adjoumani, a qualifi\u00e9 cette rencontre de \u00ab\u00a0non-\u00e9v\u00e9nement\u00a0\u00bb. \u00ab\u00a0C\u2019est regrettable pour quelqu\u2019un qui est un ancien chef d\u2019Etat (\u2026) Il sait ce qui s\u2019est pass\u00e9 pendant la crise. Il avait en son temps condamn\u00e9 Laurent Gbagbo (\u2026) responsable de milliers de morts\u00a0\u00bb, a-t-il d\u00e9clar\u00e9 \u00e0 l\u2019AFP.<\/p>\n<p>\u00ab\u00a0Nous n\u2019avons peur d\u2019aucune coalition. B\u00e9di\u00e9 n\u2019a plus de soldats pour combattre. Le PDCI-Daoukro (village natal de B\u00e9di\u00e9) envisage une alliance avec le FPI (Front populaire ivoirien, le parti de Gbagbo) qui lui-m\u00eame est divis\u00e9\u2026 (Cette volont\u00e9) n\u2019est pas partag\u00e9e par les militants du PDCI\u00a0\u00bb, a estim\u00e9 M Adjoumani, lui-m\u00eame ancien du PDCI.<\/p>\n<p>\u00ab\u00a0C\u2019est de la politique politicienne. Qu\u2019il veuille mettre en place une strat\u00e9gie pour reconqu\u00e9rir le pouvoir, c\u2019est son probl\u00e8me. Nous, nous travaillons pour que les Ivoiriens vivent en parfaite harmonie, pour que le pays se d\u00e9veloppe et pour chaque Ivoirien ait le minimum pour faire face \u00e0 ses besoins\u00a0\u00bb, a-t-il ajout\u00e9, promettant une victoire \u00ab\u00a0propre\u00a0\u00bb du RHDP en 2020 \u00ab\u00a0au premier tour\u00a0\u00bb.<\/p>\n<\/div>\n<p>Auteur: AFP<br \/>\n<a href=\"https:\/\/www.journalducameroun.com\/rencontre-entre-les-ex-presidents-ivoiriens-gbagbo-et-bedie-a-bruxelles\/\">Cliquez ici pour lire l&rsquo;article depuis sa source.<\/a><\/p>\n","protected":false},"excerpt":{"rendered":"<p>Publi\u00e9 le 29.07.2019 \u00e0 22h50 par AFP La premi\u00e8re rencontre depuis 10 ans lundi \u00e0 Bruxelles entre deux anciens ennemis, les ex-pr\u00e9sidents ivoiriens Henri Konan B\u00e9di\u00e9 et Laurent Gbagbo, annonce sans doute la cr\u00e9ation d\u2019un front contre le camp de l\u2019actuel pr\u00e9sident Alassane Ouattara pour la pr\u00e9sidentielle de 2020. M. B\u00e9di\u00e9 (1993-1999, 85 ans) et [&hellip;]<\/p>\n","protected":false},"author":1965,"featured_media":0,"comment_status":"closed","ping_status":"closed","sticky":false,"template":"","format":"standard","meta":{"fifu_image_url":"","fifu_image_alt":"","footnotes":""},"categories":[73,82],"tags":[],"class_list":["post-49295","post","type-post","status-publish","format-standard","hentry","category-actualite","category-cameroun"],"_links":{"self":[{"href":"https:\/\/linitiative.ca\/International\/wp-json\/wp\/v2\/posts\/49295","targetHints":{"allow":["GET"]}}],"collection":[{"href":"https:\/\/linitiative.ca\/International\/wp-json\/wp\/v2\/posts"}],"about":[{"href":"https:\/\/linitiative.ca\/International\/wp-json\/wp\/v2\/types\/post"}],"author":[{"embeddable":true,"href":"https:\/\/linitiative.ca\/International\/wp-json\/wp\/v2\/users\/1965"}],"replies":[{"embeddable":true,"href":"https:\/\/linitiative.ca\/International\/wp-json\/wp\/v2\/comments?post=49295"}],"version-history":[{"count":0,"href":"https:\/\/linitiative.ca\/International\/wp-json\/wp\/v2\/posts\/49295\/revisions"}],"wp:attachment":[{"href":"https:\/\/linitiative.ca\/International\/wp-json\/wp\/v2\/media?parent=49295"}],"wp:term":[{"taxonomy":"category","embeddable":true,"href":"https:\/\/linitiative.ca\/International\/wp-json\/wp\/v2\/categories?post=49295"},{"taxonomy":"post_tag","embeddable":true,"href":"https:\/\/linitiative.ca\/International\/wp-json\/wp\/v2\/tags?post=49295"}],"curies":[{"name":"wp","href":"https:\/\/api.w.org\/{rel}","templated":true}]}}