{"id":49326,"date":"2019-07-30T04:08:36","date_gmt":"2019-07-30T08:08:36","guid":{"rendered":"https:\/\/linitiative.ca\/International\/reda-elfellah-les-gains-diplomatiques-renforcent-le-poids-du-maroc-en-afrique\/"},"modified":"2019-07-30T04:08:36","modified_gmt":"2019-07-30T08:08:36","slug":"reda-elfellah-les-gains-diplomatiques-renforcent-le-poids-du-maroc-en-afrique","status":"publish","type":"post","link":"https:\/\/linitiative.ca\/International\/reda-elfellah-les-gains-diplomatiques-renforcent-le-poids-du-maroc-en-afrique\/","title":{"rendered":"Reda Elfellah : \u00abLes gains diplomatiques renforcent le poids du Maroc en afrique\u00bb"},"content":{"rendered":"<p><img decoding=\"async\" class=\"post_layout_5_img\" src=\"http:\/\/aujourdhui.ma\/wp-content\/uploads\/2019\/07\/Reda-Elfellah.jpg?x29840\" alt=\"Reda Elfellah : \u00abLes gains diplomatiques renforcent le poids du Maroc en afrique\u00bb\"\/><\/p>\n<p class=\"p1\"><span class=\"c4\"><strong><span class=\"s1\">Entretien avec Reda Elfellah,\u00a0<\/span><span class=\"s1\">Politologue, expert en droit international et professeur \u00e0 l\u2019Universit\u00e9 Ibn Zohr d\u2019Agadir<\/span><\/strong><\/span><\/p>\n<div class=\"base-box mom_box_sc_custom mom_box_sc clear c5\" readability=\"14\">\n<p class=\"p1\"><span class=\"s1\"><strong>A travers ce retour le Maroc participe dans les institutions de l\u2019Union africaine, il est l\u00e0, il est pr\u00e9sent, il occupe son si\u00e8ge et il a son point de vue dans toutes les affaires qui concernent le continent, et apporte sa fa\u00e7on de voir et des instruments pratiques pour la concr\u00e9tisation des objectifs du co-d\u00e9veloppement.<\/strong><\/span><\/p>\n<\/div>\n<p class=\"p1\"><strong>ALM ; Quel regard portez-vous sur la politique africaine du Maroc conduite par Sa Majest\u00e9 le Roi Mohammed VI ?<\/strong><\/p>\n<p class=\"p3\"><span class=\"s1\"><strong>Reda\u00a0Elfellah\u00a0:<\/strong><\/span> Tout d\u2019abord, il faut dire que cette politique africaine du Maroc constitue une composante essentielle de la politique \u00e9trang\u00e8re du Royaume \u00e9tant donn\u00e9 le r\u00f4le incontournable qu\u2019il joue sur la sc\u00e8ne africaine et \u00e9galement la position strat\u00e9gique qu\u2019il occupe \u00e0 la crois\u00e9e des chemins entre l\u2019Afrique et l\u2019Europe. Le Maroc a renforc\u00e9 ses relations politiques, \u00e9conomiques et culturelles avec les pays africains qui ont des liens traditionnels avec le Royaume, notamment l\u2019Afrique de l\u2019Ouest, mais \u00e9galement de plus en plus avec d\u2019autres pays du continent, notamment ceux de l\u2019Afrique de l\u2019Est et Centrale, et anglophones. Donc on a remarqu\u00e9 qu\u2019il y a une dynamique de renforcement des relations.<\/p>\n<p class=\"p3\">Cette vision strat\u00e9gique s\u2019appuie sur un discours qui s\u2019articule autour de la coop\u00e9ration Sud-Sud, et qui est tr\u00e8s critique vis-\u00e0-vis du n\u00e9ocolonialisme, sur le partenariat et sur la capacit\u00e9 de l\u2019Afrique \u00e0 relever ses d\u00e9fis par elle-m\u00eame et par ses propres moyens. Durant les vingt derni\u00e8res ann\u00e9es on a vu la dynamique du renforcement des relations avec l\u2019Afrique se renforcer et se situe \u00e0 plusieurs dimensions.<\/p>\n<p class=\"p3\">En parall\u00e8le il y a des projets de partenariat qui touchent diff\u00e9rents aspects du d\u00e9veloppement humain, notamment la lutte contre les changements climatiques, la s\u00e8cheresse, la famine, les \u00e9pid\u00e9mies\u2026 on a vu qu\u2019avec son retour \u00e0 l\u2019Union Africaine le Maroc a inscrit cette int\u00e9gration dans la logique d\u2019ouverture et de renforcement des relations avec l\u2019Afrique.<\/p>\n<p class=\"p4\"><strong>Quel r\u00f4le joue le Maroc sur l\u2019\u00e9chiquier africain ?<\/strong><\/p>\n<p class=\"p3\">Sur l\u2019\u00e9chiquier africain aujourd\u2019hui il y a une comp\u00e9tition acharn\u00e9e entre les puissances \u00e9trang\u00e8res pour b\u00e9n\u00e9ficier des opportunit\u00e9s \u00e9conomiques de l\u2019Afrique et des ressources naturelles qui sont d\u2019une importance vitale pour les industries. Le Maroc a certainement un r\u00f4le incontournable \u00e0 jouer sur cet \u00e9chiquier, \u00e0 travers une plus forte int\u00e9gration des \u00e9conomies africaines et la pr\u00e9sence des entreprises marocaines en Afrique et \u00e0 travers le renforcement des \u00e9changes commerciaux et aussi le r\u00f4le que devrait jouer la future zone de libre-\u00e9change africaine dont la convention a \u00e9t\u00e9 sign\u00e9e il y a quelques mois. Sur le plan culturel \u00e9galement, \u00e0 travers le poids de la civilisation qui constitue un socle commun entre le Maroc et les pays africains qu\u2019il est n\u00e9cessaire de capitaliser, ce qui permettra \u00e0 l\u2019Afrique d\u2019avoir confiance en elle-m\u00eame et avoir plus de poids sur la sc\u00e8ne internationale sur tous les plans. Le Maroc a des atouts consid\u00e9rables qu\u2019il pourrait mettre \u00e0 la disposition de ce partenariat.<\/p>\n<p class=\"p4\"><strong>Comment ce retour sera-t-il b\u00e9n\u00e9fique pour le Maroc au niveau diplomatique et pour la cause nationale ?<\/strong><\/p>\n<p class=\"p3\">Ce retour n\u2019est pas seulement motiv\u00e9 par des gains diplomatiques ou li\u00e9 \u00e0 la cause nationale, mais il est d\u00fb \u00e0 une volont\u00e9 d\u2019int\u00e9grer le socle institutionnel africain qui sert \u00e0 propulser ce processus d\u2019int\u00e9gration, et donc c\u2019est un retour qui s\u2019inscrit dans une vision strat\u00e9gique. A travers ce retour le Maroc participe dans les institutions de l\u2019Union africaine, il est l\u00e0, il est pr\u00e9sent, il occupe son si\u00e8ge et il a son point de vue dans toutes les affaires qui concernent le continent, et apporte sa fa\u00e7on de voir et des instruments pratiques pour la concr\u00e9tisation des objectifs du co-d\u00e9veloppement. Les gains diplomatiques que le Maroc aura portent sur le renforcement du poids du Maroc sur la sc\u00e8ne africaine, et qui pourra faire face \u00e0 toutes les man\u0153uvres \u00e0 l\u2019encontre de l\u2019unit\u00e9 nationale et \u00e0 un discours fallacieux et de propagande qui \u00e9mane des s\u00e9paratistes. D\u2019ailleurs, plusieurs pays africains ont commenc\u00e9 \u00e0 retirer leur reconnaissance de la pseudo r\u00e9publique sahraouie.<\/p>\n<p class=\"p4\"><strong>Un mot pour d\u00e9crire l\u2019avenir des relations maroco-africaines ?<\/strong><\/p>\n<p class=\"p3\">Il est l\u00e9gitime de se projeter dans l\u2019avenir, l\u2019analyse de l\u2019\u00e9tat des lieux montre qu\u2019il y a aujourd\u2019hui une base solide qui est construite \u00e0 travers un partenariat strat\u00e9gique. Il y a encore un potentiel de d\u00e9veloppement de ce partenariat, pour permettre \u00e0 l\u2019Afrique de b\u00e9n\u00e9ficier de l\u2019expertise du Maroc dans plusieurs domaines.<\/p>\n<p>Auteur: ALM<br \/>\n<a href=\"http:\/\/aujourdhui.ma\/actualite\/reda-elfellah-les-gains-diplomatiques-renforcent-le-poids-du-maroc-en-afrique\">Cliquez ici pour lire l&rsquo;article depuis sa source.<\/a><\/p>\n","protected":false},"excerpt":{"rendered":"<p>Entretien avec Reda Elfellah,\u00a0Politologue, expert en droit international et professeur \u00e0 l\u2019Universit\u00e9 Ibn Zohr d\u2019Agadir A travers ce retour le Maroc participe dans les institutions de l\u2019Union africaine, il est l\u00e0, il est pr\u00e9sent, il occupe son si\u00e8ge et il a son point de vue dans toutes les affaires qui concernent le continent, et apporte [&hellip;]<\/p>\n","protected":false},"author":1759,"featured_media":0,"comment_status":"closed","ping_status":"closed","sticky":false,"template":"","format":"standard","meta":{"fifu_image_url":"","fifu_image_alt":"","footnotes":""},"categories":[73,54],"tags":[],"class_list":["post-49326","post","type-post","status-publish","format-standard","hentry","category-actualite","category-maroc"],"_links":{"self":[{"href":"https:\/\/linitiative.ca\/International\/wp-json\/wp\/v2\/posts\/49326","targetHints":{"allow":["GET"]}}],"collection":[{"href":"https:\/\/linitiative.ca\/International\/wp-json\/wp\/v2\/posts"}],"about":[{"href":"https:\/\/linitiative.ca\/International\/wp-json\/wp\/v2\/types\/post"}],"author":[{"embeddable":true,"href":"https:\/\/linitiative.ca\/International\/wp-json\/wp\/v2\/users\/1759"}],"replies":[{"embeddable":true,"href":"https:\/\/linitiative.ca\/International\/wp-json\/wp\/v2\/comments?post=49326"}],"version-history":[{"count":0,"href":"https:\/\/linitiative.ca\/International\/wp-json\/wp\/v2\/posts\/49326\/revisions"}],"wp:attachment":[{"href":"https:\/\/linitiative.ca\/International\/wp-json\/wp\/v2\/media?parent=49326"}],"wp:term":[{"taxonomy":"category","embeddable":true,"href":"https:\/\/linitiative.ca\/International\/wp-json\/wp\/v2\/categories?post=49326"},{"taxonomy":"post_tag","embeddable":true,"href":"https:\/\/linitiative.ca\/International\/wp-json\/wp\/v2\/tags?post=49326"}],"curies":[{"name":"wp","href":"https:\/\/api.w.org\/{rel}","templated":true}]}}