{"id":49387,"date":"2019-07-29T20:00:00","date_gmt":"2019-07-30T00:00:00","guid":{"rendered":"https:\/\/linitiative.ca\/International\/arretes-lors-des-marches-deux-individus-liberes-a-chlef\/"},"modified":"2019-07-29T20:00:00","modified_gmt":"2019-07-30T00:00:00","slug":"arretes-lors-des-marches-deux-individus-liberes-a-chlef","status":"publish","type":"post","link":"https:\/\/linitiative.ca\/International\/arretes-lors-des-marches-deux-individus-liberes-a-chlef\/","title":{"rendered":"Arr\u00eat\u00e9s lors des marches   : Deux individus lib\u00e9r\u00e9s \u00e0 Chlef"},"content":{"rendered":"<p>Deux individus arr\u00eat\u00e9s pour \u00abatteinte \u00e0 l\u2019int\u00e9grit\u00e9 du territoire national\u00bb, apr\u00e8s avoir port\u00e9 l\u2019embl\u00e8me amazigh lors de marches populaires, ont \u00e9t\u00e9 mis en libert\u00e9, dimanche dernier, par les autorit\u00e9s judiciaires de la wilaya de Chlef, a-t-on appris hier aupr\u00e8s du collectif de la d\u00e9fense. Dans une d\u00e9claration \u00e0 l\u2019APS, Me Barbari Abdelkader, membre du collectif, a fait savoir que \u00able tribunal de Chlef a rendu un jugement, dimanche, portant mise en libert\u00e9 des deux individus, arr\u00eat\u00e9s pour \u00abatteinte \u00e0 l\u2019int\u00e9grit\u00e9 du territoire national\u00bb, apr\u00e8s avoir port\u00e9 le drapeau amazigh, le 21 juin dernier, lors de marches populaires\u00bb, ajoutant que \u00abces deux personnes ont \u00e9t\u00e9 condamn\u00e9es \u00e0 une peine de deux mois de prison avec sursis\u00bb. Selon la m\u00eame source, le collectif de la d\u00e9fense \u00aba requis l\u2019acquittement des deux accus\u00e9s, d\u2019autant que l\u2019\u00e9l\u00e9ment mat\u00e9riel de l\u2019infraction pr\u00e9vu dans l\u2019article 79 du Code p\u00e9nal concernant l\u2019atteinte \u00e0 l\u2019int\u00e9grit\u00e9 du territoire national n\u2019est pas \u00e9tabli\u00bb. Le drapeau port\u00e9 par les accus\u00e9s qui \u00abest symbolique, refl\u00e8te l\u2019identit\u00e9 amazighe, contrairement \u00e0 ceux hiss\u00e9s par les membres du mouvement s\u00e9paratiste MAK\u00bb. Concernant le d\u00e9roulement du proc\u00e8s, Me Barbari a indiqu\u00e9 que le pr\u00e9sident du tribunal avait accord\u00e9, \u00e0 la d\u00e9fense et aux deux accus\u00e9s, toute la libert\u00e9 pour s\u2019exprimer, avant de prononcer son verdict : deux mois de prison avec sursis, et ainsi leur mise en libert\u00e9. Pour rappel, le collectif de la d\u00e9fense est compos\u00e9 d\u2019avocats relevant des barreaux de Tizi-Ouzou et de Chlef.<br \/>\u00a0<\/p>\n<p>Auteur: elmoudjahid<br \/>\n<a href=\"http:\/\/www.elmoudjahid.com\/fr\/actualites\/139982\">Cliquez ici pour lire l&rsquo;article depuis sa source.<\/a><\/p>\n","protected":false},"excerpt":{"rendered":"<p>Deux individus arr\u00eat\u00e9s pour \u00abatteinte \u00e0 l\u2019int\u00e9grit\u00e9 du territoire national\u00bb, apr\u00e8s avoir port\u00e9 l\u2019embl\u00e8me amazigh lors de marches populaires, ont \u00e9t\u00e9 mis en libert\u00e9, dimanche dernier, par les autorit\u00e9s judiciaires de la wilaya de Chlef, a-t-on appris hier aupr\u00e8s du collectif de la d\u00e9fense. Dans une d\u00e9claration \u00e0 l\u2019APS, Me Barbari Abdelkader, membre du collectif, [&hellip;]<\/p>\n","protected":false},"author":1744,"featured_media":0,"comment_status":"closed","ping_status":"closed","sticky":false,"template":"","format":"standard","meta":{"fifu_image_url":"","fifu_image_alt":"","footnotes":""},"categories":[73,53],"tags":[],"class_list":["post-49387","post","type-post","status-publish","format-standard","hentry","category-actualite","category-algerie"],"_links":{"self":[{"href":"https:\/\/linitiative.ca\/International\/wp-json\/wp\/v2\/posts\/49387","targetHints":{"allow":["GET"]}}],"collection":[{"href":"https:\/\/linitiative.ca\/International\/wp-json\/wp\/v2\/posts"}],"about":[{"href":"https:\/\/linitiative.ca\/International\/wp-json\/wp\/v2\/types\/post"}],"author":[{"embeddable":true,"href":"https:\/\/linitiative.ca\/International\/wp-json\/wp\/v2\/users\/1744"}],"replies":[{"embeddable":true,"href":"https:\/\/linitiative.ca\/International\/wp-json\/wp\/v2\/comments?post=49387"}],"version-history":[{"count":0,"href":"https:\/\/linitiative.ca\/International\/wp-json\/wp\/v2\/posts\/49387\/revisions"}],"wp:attachment":[{"href":"https:\/\/linitiative.ca\/International\/wp-json\/wp\/v2\/media?parent=49387"}],"wp:term":[{"taxonomy":"category","embeddable":true,"href":"https:\/\/linitiative.ca\/International\/wp-json\/wp\/v2\/categories?post=49387"},{"taxonomy":"post_tag","embeddable":true,"href":"https:\/\/linitiative.ca\/International\/wp-json\/wp\/v2\/tags?post=49387"}],"curies":[{"name":"wp","href":"https:\/\/api.w.org\/{rel}","templated":true}]}}