{"id":49388,"date":"2019-07-29T20:00:00","date_gmt":"2019-07-30T00:00:00","guid":{"rendered":"https:\/\/linitiative.ca\/International\/syndicats-enregistrement-de-3-organisations\/"},"modified":"2019-07-29T20:00:00","modified_gmt":"2019-07-30T00:00:00","slug":"syndicats-enregistrement-de-3-organisations","status":"publish","type":"post","link":"https:\/\/linitiative.ca\/International\/syndicats-enregistrement-de-3-organisations\/","title":{"rendered":"Syndicats : Enregistrement de 3 organisations"},"content":{"rendered":"<p>Trois nouvelles organisations syndicales ont \u00e9t\u00e9 enregistr\u00e9es au niveau du minist\u00e8re du Travail, de l&rsquo;Emploi et de la S\u00e9curit\u00e9 sociale, a annonc\u00e9 hier le minist\u00e8re dans un communiqu\u00e9. \u00abDans le cadre de la poursuite de traitement et d&rsquo;actualisation des dossiers des demandes d&rsquo;enregistrement des organisations syndicales des travailleurs et d&#8217;employeurs, le ministre du Travail, de l&rsquo;Emploi et de la S\u00e9curit\u00e9 sociale, le Pr Tidjani Hassan Haddam a d\u00e9livr\u00e9, ce lundi 29 juillet 2019, trois (03) r\u00e9c\u00e9piss\u00e9s d&rsquo;enregistrement de la d\u00e9claration de constitution d&rsquo;organisations syndicales\u00bb, a-t-il indiqu\u00e9 dans un communiqu\u00e9.<br \/>Il s&rsquo;agit du Conseil national des journalistes alg\u00e9riens, le Syndicat national des pharmaciens alg\u00e9riens agr\u00e9\u00e9s et le Syndicat national autonome des auxiliaires m\u00e9dicaux en anesth\u00e9sie et r\u00e9animation de sant\u00e9 publique, a-t-on pr\u00e9cis\u00e9. \u00abCette op\u00e9ration s&rsquo;inscrit dans le cadre du suivi des d\u00e9cisions issues de la r\u00e9union du Gouvernement tenue en date du 03 avril 2019 concernant l&rsquo;examen des dossiers des demandes de constitution en syndicats et ce, conform\u00e9ment aux dispositions de loi n\u00b0 90-14 du 02 juin 1990, modifi\u00e9e et compl\u00e9t\u00e9e, relative \u00e0 l&rsquo;exercice du droit syndical\u00bb, a expliqu\u00e9 la m\u00eame source.<br \/>Le ministre du Travail rappelle, \u00e0 ce titre, que ses services \u00abrestent disponibles et \u00e0 la disposition des repr\u00e9sentants des organisations syndicales des travailleurs et d&#8217;employeurs pour r\u00e9pondre \u00e0 leurs pr\u00e9occupations\u00bb.<\/p>\n<p>Auteur: elmoudjahid<br \/>\n<a href=\"http:\/\/www.elmoudjahid.com\/fr\/actualites\/139983\">Cliquez ici pour lire l&rsquo;article depuis sa source.<\/a><\/p>\n","protected":false},"excerpt":{"rendered":"<p>Trois nouvelles organisations syndicales ont \u00e9t\u00e9 enregistr\u00e9es au niveau du minist\u00e8re du Travail, de l&rsquo;Emploi et de la S\u00e9curit\u00e9 sociale, a annonc\u00e9 hier le minist\u00e8re dans un communiqu\u00e9. \u00abDans le cadre de la poursuite de traitement et d&rsquo;actualisation des dossiers des demandes d&rsquo;enregistrement des organisations syndicales des travailleurs et d&#8217;employeurs, le ministre du Travail, de [&hellip;]<\/p>\n","protected":false},"author":1744,"featured_media":0,"comment_status":"closed","ping_status":"closed","sticky":false,"template":"","format":"standard","meta":{"fifu_image_url":"","fifu_image_alt":"","footnotes":""},"categories":[73,53],"tags":[],"class_list":["post-49388","post","type-post","status-publish","format-standard","hentry","category-actualite","category-algerie"],"_links":{"self":[{"href":"https:\/\/linitiative.ca\/International\/wp-json\/wp\/v2\/posts\/49388","targetHints":{"allow":["GET"]}}],"collection":[{"href":"https:\/\/linitiative.ca\/International\/wp-json\/wp\/v2\/posts"}],"about":[{"href":"https:\/\/linitiative.ca\/International\/wp-json\/wp\/v2\/types\/post"}],"author":[{"embeddable":true,"href":"https:\/\/linitiative.ca\/International\/wp-json\/wp\/v2\/users\/1744"}],"replies":[{"embeddable":true,"href":"https:\/\/linitiative.ca\/International\/wp-json\/wp\/v2\/comments?post=49388"}],"version-history":[{"count":0,"href":"https:\/\/linitiative.ca\/International\/wp-json\/wp\/v2\/posts\/49388\/revisions"}],"wp:attachment":[{"href":"https:\/\/linitiative.ca\/International\/wp-json\/wp\/v2\/media?parent=49388"}],"wp:term":[{"taxonomy":"category","embeddable":true,"href":"https:\/\/linitiative.ca\/International\/wp-json\/wp\/v2\/categories?post=49388"},{"taxonomy":"post_tag","embeddable":true,"href":"https:\/\/linitiative.ca\/International\/wp-json\/wp\/v2\/tags?post=49388"}],"curies":[{"name":"wp","href":"https:\/\/api.w.org\/{rel}","templated":true}]}}