{"id":49389,"date":"2019-07-29T20:00:00","date_gmt":"2019-07-30T00:00:00","guid":{"rendered":"https:\/\/linitiative.ca\/International\/le-coordonnateur-du-panel-de-dialogue-karim-younes-nous-ne-commentons-pas-les-positions-des-personnalites-invitees-a-nous-rejoindre\/"},"modified":"2019-07-29T20:00:00","modified_gmt":"2019-07-30T00:00:00","slug":"le-coordonnateur-du-panel-de-dialogue-karim-younes-nous-ne-commentons-pas-les-positions-des-personnalites-invitees-a-nous-rejoindre","status":"publish","type":"post","link":"https:\/\/linitiative.ca\/International\/le-coordonnateur-du-panel-de-dialogue-karim-younes-nous-ne-commentons-pas-les-positions-des-personnalites-invitees-a-nous-rejoindre\/","title":{"rendered":"Le coordonnateur du Panel de dialogue, Karim Youn\u00e8s  : \u00abnous ne commentons pas les positions des personnalit\u00e9s invit\u00e9es \u00e0 nous rejoindre\u00bb"},"content":{"rendered":"<p><strong>Le coordonnateur du panel de dialogue et de m\u00e9diation, Karim Youn\u00e8s, s\u2019est abstenu, hier \u00e0 Alger, \u00e0 commenter \u00ables positions des personnalit\u00e9s nationales\u00bb invit\u00e9es \u00e0 rejoindre cette instance et dont certaines ont d\u00e9clin\u00e9 l\u2019invitation.<\/strong><\/p>\n<p>\u00abLes invitations ont \u00e9t\u00e9 adress\u00e9es \u00e0 ces personnalit\u00e9s pour rejoindre le panel, en raison de leur sens du devoir envers la patrie et leur sens du sacrifice, et libre \u00e0 eux de r\u00e9pondre favorablement ou de d\u00e9cliner l\u2019invitation du panel. On n\u2019a pas de commentaires \u00e0 faire sur leurs positions\u00bb, a-t-il indiqu\u00e9 dans une d\u00e9claration \u00e0 l\u2019APS. Pour lui, \u00absi ces personnalit\u00e9s veulent cr\u00e9er un autre panel de dialogue qu\u2019ils le fassent\u00bb.<br \/>M. Karim Youn\u00e8s a, par ailleurs, r\u00e9it\u00e9r\u00e9 l\u2019attachement des membres du panel pour des mesures d\u2019apaisement qui sont \u00abdes pr\u00e9alables primordiaux pour commencer le processus de dialogue\u00bb, en citant notamment \u00abla lib\u00e9ration des jeunes du Hirak emprisonn\u00e9s pour \u00eatre sortis manifester en brandissant le drapeau amazigh\u00bb, ou le droit de manifester librement notamment \u00e0 Alger. \u00abUne fois ces revendications satisfaites, nous aborderons les grands dossiers relatifs au changement du syst\u00e8me\u00bb, a-t-il ajout\u00e9, relevant avoir eu des \u00e9chos favorables \u00abpour les exigences du mouvement populaire mais qui n\u00e9cessitent une faisabilit\u00e9 sur le plan constitutionnel\u00bb.<br \/>Le panel, qui a tenu dimanche dernier sa premi\u00e8re r\u00e9union, a lanc\u00e9 un appel \u00e0 23 personnalit\u00e9s pour les rejoindre avec comme objectif de faire aboutir le processus de dialogue national. Parmi ces personnalit\u00e9s : Djamila Bouhired, Ahmed Taleb Ibrahimi, Mouloud Hamrouche, Ahmed Benbitour, Mokdad Sifi, Abdelaziz Rahabi ainsi que des membres de la soci\u00e9t\u00e9 civile, des d\u00e9fenseurs des droits de l\u2019homme, des experts et des syndicalistes.<br \/>Lors de cette r\u00e9union, le panel a trac\u00e9 sa feuille de route pour la conduite de ce dialogue \u00e0 travers des r\u00e9unions suivant un calendrier qu\u2019il arr\u00eatera \u00abdans les plus brefs d\u00e9lais, avec les composantes de la soci\u00e9t\u00e9 civile, les partis politiques, les personnalit\u00e9s nationales ainsi que des jeunes et militants du Hirak repr\u00e9sentant diff\u00e9rentes wilayas du pays, afin d\u2019\u00e9couter leur vision et propositions pour une sortie de crise\u00bb.<br \/>Au terme des rounds de dialogue, l\u2019Instance proc\u00e9dera \u00e0 \u00abl\u2019\u00e9laboration d\u2019une premi\u00e8re mouture des propositions qui lui ont \u00e9t\u00e9 soumises. Elle pourra, alors, entreprendre toute m\u00e9diation pour concilier les propositions formul\u00e9es, en cas de contradictions, avant d\u2019\u00e9laborer les propositions finales \u00e0 l\u2019issue d\u2019une r\u00e9union qui sera tenue dans le cadre d\u2019une conf\u00e9rence nationale souveraine dont les d\u00e9cisions seront contraignantes pour les pouvoirs publics\u00bb.<br \/>Tous les acteurs ayant pris part au dialogue seront invit\u00e9s \u00e0 cette conf\u00e9rence pour l\u2019adoption d\u00e9finitive des propositions de sortie de la crise actuelle. L\u2019Instance soumettra ces propositions \u00e0 la Pr\u00e9sidence pour les cristalliser sous forme de lois, r\u00e8glements et proc\u00e9dures, pr\u00e9cisait un communiqu\u00e9 du panel.<br \/>Le panel \u00abse veut une commission non gouvernementale ne reposant pas sur le principe d\u2019exclusion\u00bb et form\u00e9 de personnalit\u00e9s \u00abind\u00e9pendantes de l\u2019Etat et de ses organes ainsi que du Hirak\u00bb.<\/p>\n<p>Auteur: elmoudjahid<br \/>\n<a href=\"http:\/\/www.elmoudjahid.com\/fr\/actualites\/139984\">Cliquez ici pour lire l&rsquo;article depuis sa source.<\/a><\/p>\n","protected":false},"excerpt":{"rendered":"<p>Le coordonnateur du panel de dialogue et de m\u00e9diation, Karim Youn\u00e8s, s\u2019est abstenu, hier \u00e0 Alger, \u00e0 commenter \u00ables positions des personnalit\u00e9s nationales\u00bb invit\u00e9es \u00e0 rejoindre cette instance et dont certaines ont d\u00e9clin\u00e9 l\u2019invitation. \u00abLes invitations ont \u00e9t\u00e9 adress\u00e9es \u00e0 ces personnalit\u00e9s pour rejoindre le panel, en raison de leur sens du devoir envers la [&hellip;]<\/p>\n","protected":false},"author":1744,"featured_media":0,"comment_status":"closed","ping_status":"closed","sticky":false,"template":"","format":"standard","meta":{"fifu_image_url":"","fifu_image_alt":"","footnotes":""},"categories":[73,53],"tags":[],"class_list":["post-49389","post","type-post","status-publish","format-standard","hentry","category-actualite","category-algerie"],"_links":{"self":[{"href":"https:\/\/linitiative.ca\/International\/wp-json\/wp\/v2\/posts\/49389","targetHints":{"allow":["GET"]}}],"collection":[{"href":"https:\/\/linitiative.ca\/International\/wp-json\/wp\/v2\/posts"}],"about":[{"href":"https:\/\/linitiative.ca\/International\/wp-json\/wp\/v2\/types\/post"}],"author":[{"embeddable":true,"href":"https:\/\/linitiative.ca\/International\/wp-json\/wp\/v2\/users\/1744"}],"replies":[{"embeddable":true,"href":"https:\/\/linitiative.ca\/International\/wp-json\/wp\/v2\/comments?post=49389"}],"version-history":[{"count":0,"href":"https:\/\/linitiative.ca\/International\/wp-json\/wp\/v2\/posts\/49389\/revisions"}],"wp:attachment":[{"href":"https:\/\/linitiative.ca\/International\/wp-json\/wp\/v2\/media?parent=49389"}],"wp:term":[{"taxonomy":"category","embeddable":true,"href":"https:\/\/linitiative.ca\/International\/wp-json\/wp\/v2\/categories?post=49389"},{"taxonomy":"post_tag","embeddable":true,"href":"https:\/\/linitiative.ca\/International\/wp-json\/wp\/v2\/tags?post=49389"}],"curies":[{"name":"wp","href":"https:\/\/api.w.org\/{rel}","templated":true}]}}