{"id":49394,"date":"2019-07-29T20:00:00","date_gmt":"2019-07-30T00:00:00","guid":{"rendered":"https:\/\/linitiative.ca\/International\/distinction-des-meilleurs-laureats-au-baccalaureat-contribuer-a-ledification-dune-algerie-meilleure\/"},"modified":"2019-07-29T20:00:00","modified_gmt":"2019-07-30T00:00:00","slug":"distinction-des-meilleurs-laureats-au-baccalaureat-contribuer-a-ledification-dune-algerie-meilleure","status":"publish","type":"post","link":"https:\/\/linitiative.ca\/International\/distinction-des-meilleurs-laureats-au-baccalaureat-contribuer-a-ledification-dune-algerie-meilleure\/","title":{"rendered":"Distinction des meilleurs laur\u00e9ats au baccalaur\u00e9at : Contribuer \u00e0 l\u2019\u00e9dification d\u2019une Alg\u00e9rie meilleure"},"content":{"rendered":"<p><strong>Le chef de l\u2019Etat, Abdelkader Bensalah, a pr\u00e9sid\u00e9, hier au Palais du peuple (Alger), la c\u00e9r\u00e9monie de distinction des meilleurs laur\u00e9ats \u00e0 l\u2019examen du baccalaur\u00e9at (session 2019).<\/strong><\/p>\n<p>Lors de cette c\u00e9r\u00e9monie, qui s\u2019est d\u00e9roul\u00e9e en pr\u00e9sence de hauts responsables de l\u2019Etat, de membres du gouvernement et des parents d\u2019\u00e9l\u00e8ves, M. Bensalah a remis des attestations d\u2019honneur, des m\u00e9dailles et des cadeaux symboliques aux laur\u00e9ats, au nombre de 70, dont Bounab Labiba de la wilaya de Guelma qui a obtenu la meilleure moyenne au niveau national (18,75) dans la fili\u00e8re sciences exp\u00e9rimentales, suivie de Bela\u00efdi Lina d\u2019Alger, avec 18,70 (fili\u00e8re math\u00e9matiques) et de Djeddou Rihane de la wilaya de M\u00e9d\u00e9a avec 18,67 dans la fili\u00e8re math\u00e9matiques-techniques. A rappeler que le taux de r\u00e9ussite \u00e0 l\u2019examen du baccalaur\u00e9at (session 2019) a atteint 54,56%, contre 55,88 % en 2018. La fili\u00e8re des math\u00e9matiques \u00e9tait en t\u00eate avec un taux de r\u00e9ussite de 78,61%. Un total de 674.831 candidats ont pass\u00e9 l\u2019examen du baccalaur\u00e9at en juin dernier, dont 411.431 scolaris\u00e9s et 263.400 libres, selon les statistiques du minist\u00e8re de l\u2019Education nationale. Quelque 4.226 candidats d\u00e9tenus avaient \u00e9galement subi les \u00e9preuves du baccalaur\u00e9at r\u00e9partis sur 43 \u00e9tablissements p\u00e9nitentiaires agr\u00e9\u00e9s par le minist\u00e8re de l\u2019Education nationale en tant que centres d\u2019examens.<br \/>Les meilleurs laur\u00e9ats du baccalaur\u00e9at ont affirm\u00e9 que leurs bonnes moyennes \u00e9taient \u00able r\u00e9sultat d\u2019un effort collectif\u00bb, exprimant leur souhait de contribuer \u00e0 l\u2019\u00e9dification \u00abd\u2019une Alg\u00e9rie meilleure\u00bb. En marge de la c\u00e9r\u00e9monie de distinction, la laur\u00e9ate Bounab Labiba de la wilaya de Guelma, d\u00e9tentrice de la meilleure moyenne au niveau national (18,75) dans la fili\u00e8re sciences exp\u00e9rimentales, s\u2019est dite tr\u00e8s heureuse de sa distinction par le chef de l\u2019Etat, lors d\u2019une c\u00e9r\u00e9monie tenue en pr\u00e9sence de hauts responsables de l\u2019Etat et de membres du gouvernement. \u00abLa r\u00e9ussite n\u2019est pas le fruit du hasard, mais celui d\u2019efforts constants consentis tout au long du parcours scolaire\u00bb, a-t-elle affirm\u00e9, indiquant avoir \u00e9t\u00e9 \u00abclass\u00e9e premi\u00e8re au niveau de sa wilaya aux \u00e9preuves du Brevet d\u2019enseignement moyen (BEM) avec une moyenne de 19,26\u00bb.<br \/>\u00a0Bounab Labiba a tenu \u00e0 saluer \u00able soutien de ses enseignants et de sa famille\u00bb, avouant avoir toujours \u00e9t\u00e9 anim\u00e9e \u00abd\u2019une ferme volont\u00e9 et d\u00e9termination de remporter la premi\u00e8re place\u00bb. Au sujet de ses projets futurs, elle a fait part de son intention de satisfaire ses parents, en optant pour la fili\u00e8re m\u00e9decine, et form\u00e9 le v\u0153u de \u00abcontribuer \u00e0 l\u2019\u00e9dification d\u2019une Alg\u00e9rie meilleure\u00bb. De son c\u00f4t\u00e9, le premier laur\u00e9at dans la cat\u00e9gorie des personnes aux besoins sp\u00e9cifiques, l\u2019\u00e9l\u00e8ve Mokhtari Mohamed Rayane, de la wilaya d\u2019Alger qui a obtenu une moyenne de 17,83 dans la fili\u00e8re des Sciences exp\u00e9rimentales, s\u2019est d\u00e9clar\u00e9 \u00abtr\u00e8s \u00e9mu\u00bb par la distinction remise par le chef de l\u2019Etat, soulignant que ce r\u00e9sultat est le fruit d\u2019un travail assidu et d\u2019un effort collectif auquel ont contribu\u00e9 les membres de sa famille et l\u2019ensemble du corps \u00e9ducatif, outre la volont\u00e9 farouche de d\u00e9crocher avec brio le s\u00e9same d\u2019acc\u00e8s aux \u00e9tudes sup\u00e9rieures. Concernant son \u00e9tat de sant\u00e9, Mohamed Rayane a indiqu\u00e9 que \u00ables personnes aux besoins sp\u00e9cifiques rencontrent de grandes difficult\u00e9s aussi bien dans leur scolarisation que dans leur vie quotidienne\u00bb, soulignant que \u00abcertaines \u00e9coles ne r\u00e9pondent pas aux normes pour accueillir ces \u00e9l\u00e8ves, contraignant ces derniers \u00e0 opter pour certains \u00e9tablissements\u00bb. \u00abM\u00eame si cela est d\u00e9courageant, je suis parvenu \u00e0 faire face \u00e0 ces difficult\u00e9s et \u00e0 relever le d\u00e9fi \u00e0 la grande joie de ma famille\u00bb, a-t-il dit, appelant \u00e0 mieux \u00e9quiper les \u00e9tablissements \u00e9ducatifs pour faciliter la scolarisation des \u00e9l\u00e8ves aux besoins sp\u00e9cifiques\u00bb. Mohamed souhaite suivre des \u00e9tudes sup\u00e9rieures en informatique pour \u00abd\u00e9velopper un syst\u00e8me national pour la protection des informations qui puisse permettre \u00e0 l\u2019Alg\u00e9rie d\u2019occuper une place de choix parmi les pays d\u00e9velopp\u00e9s en mati\u00e8re de s\u00e9curisation des informations personnelles\u00bb. Il souhaite que sa maladie (l\u00e9sion de la moelle \u00e9pini\u00e8re), qui est actuellement prise en charge uniquement dans les pays occidentaux, soit trait\u00e9e en Alg\u00e9rie. S\u2019agissant du premier laur\u00e9at des \u00e9coles des Cadets de la nation, l\u2019\u00e9l\u00e8ve Bousselah Mohamed de l\u2019\u00e9cole des Cadets de la nation d\u2019Oran, qui a obtenu une moyenne de 17,97, s\u2019est dit \u00abtr\u00e8s fier\u00bb de repr\u00e9senter l\u2019institution militaire.<br \/>Il a d\u2019ailleurs tenu \u00e0 remercier le Commandement de l\u2019Arm\u00e9e nationale populaire (ANP) qui, a-t-il dit, \u00abs\u2019est attel\u00e9 \u00e0 r\u00e9unir tous les moyens mat\u00e9riels et humains pour faciliter la scolarisation des Cadets et leur permettre d\u2019obtenir tous les ans de brillants r\u00e9sultats\u00bb. Quant au secret de cette brillante r\u00e9ussite des cadets, il a \u00e9voqu\u00e9 \u00abla discipline et le s\u00e9rieux qui caract\u00e9risent le cadre g\u00e9n\u00e9ral de la formation des Cadets de la nation\u00bb. Les \u00e9coles des Cadets de la nation \u00abdispensent le m\u00eame programme que les \u00e9coles ordinaires mais l\u2019enseignement dans le cadre militaire permet une plus grande concentration\u00bb, a-t-il affirm\u00e9, ajoutant que \u00ables comp\u00e9tences dont jouissent ces \u00e9coles inculquent aux \u00e9l\u00e8ves la pers\u00e9v\u00e9rance et l\u2019abn\u00e9gation\u00bb.<br \/>Le programme pr\u00e9voit quotidiennement des s\u00e9ances de r\u00e9vision obligatoires de plus de deux heures apr\u00e8s les cours, a pr\u00e9cis\u00e9 le laur\u00e9at, ajoutant que \u00ables classes restent ouvertes la nuit pour les \u00e9l\u00e8ves qui veulent r\u00e9viser individuellement ou collectivement\u00bb. Il a \u00e9galement tenu \u00e0 saluer les encadreurs qui \u00abjouissent d\u2019une grande comp\u00e9tence et d\u2019une longue exp\u00e9rience\u00bb.<br \/>Interrog\u00e9 sur ses ambitions, le Cadet de la nation a dit vouloir rejoindre l\u2019Ecole pr\u00e9paratoire aux \u00e9tudes d\u2019ing\u00e9nieur de Rouiba et d\u00e9velopper ses comp\u00e9tences au sein de l\u2019institution militaire \u00abau service du pays\u00bb.<br \/>\u00a0<\/p>\n<p>Auteur: elmoudjahid<br \/>\n<a href=\"http:\/\/www.elmoudjahid.com\/fr\/actualites\/139989\">Cliquez ici pour lire l&rsquo;article depuis sa source.<\/a><\/p>\n","protected":false},"excerpt":{"rendered":"<p>Le chef de l\u2019Etat, Abdelkader Bensalah, a pr\u00e9sid\u00e9, hier au Palais du peuple (Alger), la c\u00e9r\u00e9monie de distinction des meilleurs laur\u00e9ats \u00e0 l\u2019examen du baccalaur\u00e9at (session 2019). Lors de cette c\u00e9r\u00e9monie, qui s\u2019est d\u00e9roul\u00e9e en pr\u00e9sence de hauts responsables de l\u2019Etat, de membres du gouvernement et des parents d\u2019\u00e9l\u00e8ves, M. Bensalah a remis des attestations [&hellip;]<\/p>\n","protected":false},"author":1744,"featured_media":0,"comment_status":"closed","ping_status":"closed","sticky":false,"template":"","format":"standard","meta":{"fifu_image_url":"","fifu_image_alt":"","footnotes":""},"categories":[73,53],"tags":[],"class_list":["post-49394","post","type-post","status-publish","format-standard","hentry","category-actualite","category-algerie"],"_links":{"self":[{"href":"https:\/\/linitiative.ca\/International\/wp-json\/wp\/v2\/posts\/49394","targetHints":{"allow":["GET"]}}],"collection":[{"href":"https:\/\/linitiative.ca\/International\/wp-json\/wp\/v2\/posts"}],"about":[{"href":"https:\/\/linitiative.ca\/International\/wp-json\/wp\/v2\/types\/post"}],"author":[{"embeddable":true,"href":"https:\/\/linitiative.ca\/International\/wp-json\/wp\/v2\/users\/1744"}],"replies":[{"embeddable":true,"href":"https:\/\/linitiative.ca\/International\/wp-json\/wp\/v2\/comments?post=49394"}],"version-history":[{"count":0,"href":"https:\/\/linitiative.ca\/International\/wp-json\/wp\/v2\/posts\/49394\/revisions"}],"wp:attachment":[{"href":"https:\/\/linitiative.ca\/International\/wp-json\/wp\/v2\/media?parent=49394"}],"wp:term":[{"taxonomy":"category","embeddable":true,"href":"https:\/\/linitiative.ca\/International\/wp-json\/wp\/v2\/categories?post=49394"},{"taxonomy":"post_tag","embeddable":true,"href":"https:\/\/linitiative.ca\/International\/wp-json\/wp\/v2\/tags?post=49394"}],"curies":[{"name":"wp","href":"https:\/\/api.w.org\/{rel}","templated":true}]}}