{"id":49425,"date":"2019-07-29T18:56:00","date_gmt":"2019-07-29T22:56:00","guid":{"rendered":"https:\/\/linitiative.ca\/International\/la-chine-met-son-drapeau-en-berne-sur-son-ambassade-a-tunis-en-deuil-suite-au-deces-du-president-caid-essebsi\/"},"modified":"2019-07-29T18:56:00","modified_gmt":"2019-07-29T22:56:00","slug":"la-chine-met-son-drapeau-en-berne-sur-son-ambassade-a-tunis-en-deuil-suite-au-deces-du-president-caid-essebsi","status":"publish","type":"post","link":"https:\/\/linitiative.ca\/International\/la-chine-met-son-drapeau-en-berne-sur-son-ambassade-a-tunis-en-deuil-suite-au-deces-du-president-caid-essebsi\/","title":{"rendered":"La Chine met son drapeau en berne sur son ambassade \u00e0 Tunis, en deuil suite au d\u00e9c\u00e8s du pr\u00e9sident Ca\u00efd Essebsi"},"content":{"rendered":"<p>La R\u00e9publique populaire de Chine \u00e0 instruit son ambassade \u00e0 Tunis de mettre son drapeau en berne sur le fronton de sa chancellerie, en signe de deuil, suite au d\u00e9c\u00e8s du pr\u00e9sident Ca\u00efd Essebsi. Ce geste de compassion et de solidarit\u00e9 avec la Tunisie s\u2019accompagne de messages officiels de condol\u00e9ances adress\u00e9 par les hautes autorit\u00e9s, \u00e0 la famille de l\u2019illustre d\u00e9funt et au pr\u00e9sident par int\u00e9rim de la R\u00e9publique, Mohamed Ennaceur.<\/p>\n<p class=\"c2\"><img loading=\"lazy\" decoding=\"async\" src=\"\/uploads\/FCK_files\/Chine2.jpg\" width=\"700\" vspace=\"5\" align=\"middle\" hspace=\"5\" height=\"467\" alt=\"\"\/><br \/>\u00a0<\/p>\n<p>Auteur:<br \/>\n<a href=\"https:\/\/www.leaders.com.tn\/article\/27621-la-chine-met-son-drapeau-en-berne-sur-son-ambassade-a-tunis-en-deuil-suite-au-deces-du-president-caid-essebsi\">Cliquez ici pour lire l&rsquo;article depuis sa source.<\/a><\/p>\n","protected":false},"excerpt":{"rendered":"<p>La R\u00e9publique populaire de Chine \u00e0 instruit son ambassade \u00e0 Tunis de mettre son drapeau en berne sur le fronton de sa chancellerie, en signe de deuil, suite au d\u00e9c\u00e8s du pr\u00e9sident Ca\u00efd Essebsi. Ce geste de compassion et de solidarit\u00e9 avec la Tunisie s\u2019accompagne de messages officiels de condol\u00e9ances adress\u00e9 par les hautes autorit\u00e9s, [&hellip;]<\/p>\n","protected":false},"author":1772,"featured_media":49426,"comment_status":"closed","ping_status":"closed","sticky":false,"template":"","format":"standard","meta":{"fifu_image_url":"","fifu_image_alt":"","footnotes":""},"categories":[73,55],"tags":[],"class_list":["post-49425","post","type-post","status-publish","format-standard","has-post-thumbnail","hentry","category-actualite","category-tunisie"],"_links":{"self":[{"href":"https:\/\/linitiative.ca\/International\/wp-json\/wp\/v2\/posts\/49425","targetHints":{"allow":["GET"]}}],"collection":[{"href":"https:\/\/linitiative.ca\/International\/wp-json\/wp\/v2\/posts"}],"about":[{"href":"https:\/\/linitiative.ca\/International\/wp-json\/wp\/v2\/types\/post"}],"author":[{"embeddable":true,"href":"https:\/\/linitiative.ca\/International\/wp-json\/wp\/v2\/users\/1772"}],"replies":[{"embeddable":true,"href":"https:\/\/linitiative.ca\/International\/wp-json\/wp\/v2\/comments?post=49425"}],"version-history":[{"count":0,"href":"https:\/\/linitiative.ca\/International\/wp-json\/wp\/v2\/posts\/49425\/revisions"}],"wp:featuredmedia":[{"embeddable":true,"href":"https:\/\/linitiative.ca\/International\/wp-json\/"}],"wp:attachment":[{"href":"https:\/\/linitiative.ca\/International\/wp-json\/wp\/v2\/media?parent=49425"}],"wp:term":[{"taxonomy":"category","embeddable":true,"href":"https:\/\/linitiative.ca\/International\/wp-json\/wp\/v2\/categories?post=49425"},{"taxonomy":"post_tag","embeddable":true,"href":"https:\/\/linitiative.ca\/International\/wp-json\/wp\/v2\/tags?post=49425"}],"curies":[{"name":"wp","href":"https:\/\/api.w.org\/{rel}","templated":true}]}}