{"id":49466,"date":"2019-07-29T17:55:02","date_gmt":"2019-07-29T21:55:02","guid":{"rendered":"https:\/\/linitiative.ca\/International\/assemblee-nationale-lambassadeur-francais-fait-ses-adieux-a-bala-sakande\/"},"modified":"2019-07-29T17:55:02","modified_gmt":"2019-07-29T21:55:02","slug":"assemblee-nationale-lambassadeur-francais-fait-ses-adieux-a-bala-sakande","status":"publish","type":"post","link":"https:\/\/linitiative.ca\/International\/assemblee-nationale-lambassadeur-francais-fait-ses-adieux-a-bala-sakande\/","title":{"rendered":"Assembl\u00e9e nationale : l\u2019ambassadeur fran\u00e7ais fait \u00abses adieux\u00bb \u00e0 Bala Sakand\u00e9"},"content":{"rendered":"<div class=\"td-post-featured-image\"><a href=\"https:\/\/i0.wp.com\/www.sidwaya.info\/wp-content\/uploads\/2019\/07\/1-53.jpg?fit=728%2C547&#038;ssl=1\" data-caption=\"\"><img loading=\"lazy\" decoding=\"async\" width=\"696\" height=\"523\" class=\"entry-thumb td-modal-image\" src=\"https:\/\/i0.wp.com\/www.sidwaya.info\/wp-content\/uploads\/2019\/07\/1-53.jpg?resize=696%2C523&#038;ssl=1\" srcset=\"https:\/\/i0.wp.com\/www.sidwaya.info\/wp-content\/uploads\/2019\/07\/1-53.jpg?w=728&#038;ssl=1 728w, https:\/\/i0.wp.com\/www.sidwaya.info\/wp-content\/uploads\/2019\/07\/1-53.jpg?resize=300%2C225&#038;ssl=1 300w, https:\/\/i0.wp.com\/www.sidwaya.info\/wp-content\/uploads\/2019\/07\/1-53.jpg?resize=80%2C60&#038;ssl=1 80w, https:\/\/i0.wp.com\/www.sidwaya.info\/wp-content\/uploads\/2019\/07\/1-53.jpg?resize=265%2C198&#038;ssl=1 265w, https:\/\/i0.wp.com\/www.sidwaya.info\/wp-content\/uploads\/2019\/07\/1-53.jpg?resize=696%2C523&#038;ssl=1 696w, https:\/\/i0.wp.com\/www.sidwaya.info\/wp-content\/uploads\/2019\/07\/1-53.jpg?resize=559%2C420&#038;ssl=1 559w\" sizes=\"auto, (max-width: 696px) 100vw, 696px\" alt=\"\" title=\"1\"\/><\/a><\/div>\n<p><strong>Le Pr\u00e9sident de l\u2019Assembl\u00e9e nationale, Alassane Bala Sakand\u00e9, a re\u00e7u en audience, le vendredi 26 juillet 2019, l\u2019ambassadeur de France au Burkina Faso, Xavier Lapeyre de Cabanes, en fin de mission.<\/strong><\/p>\n<p>Apr\u00e8s trois ann\u00e9es pass\u00e9es au pays des Hommes int\u00e8gres, l\u2019ambassadeur de France au Burkina Faso, Xavier Lapeyre de Cabanes est en fin de mission. Il est all\u00e9 faire ses adieux, le vendredi 26 juillet 2019 \u00e0 Ouagadougou, au Pr\u00e9sident de l\u2019Assembl\u00e9e nationale burkinab\u00e8, Alassane Bala Sakand\u00e9. \u00abJe suis venu dire au revoir au pr\u00e9sident Sakand\u00e9, puisque je quitte tr\u00e8s prochainement le Burkina au terme de ma mission\u00bb, a indiqu\u00e9, \u00e0 l\u2019issue de l\u2019audience, le diplomate fran\u00e7ais. Les \u00e9changes ont, par ailleurs, port\u00e9, \u00e0 l\u2019entendre, sur divers sujets au plan national et international.<\/p>\n<p>\u00abNous avons parl\u00e9 du renforcement de la diplomatie parlementaire entre nos deux pays\u00bb, a-t-il ajout\u00e9, notamment en termes d\u2019\u00e9changes entre nos assembl\u00e9es nationales respectives. \u00abC\u2019est important que les deux parlements travaillent ensemble, donnent, chacun \u00e0 son niveau, des orientations, posent des questions au gouvernement, fasse des suggestions, contr\u00f4lent mieux le travail de l\u2019ex\u00e9cutif\u00bb, a-t-il affirm\u00e9. Les projets de modernisation du parlement et de reconstitution des archives parlementaires, toujours en cours de r\u00e9alisation, ont \u00e9t\u00e9 \u00e9galement abord\u00e9s par les deux hommes. \u00abIls avaient \u00e9t\u00e9 pr\u00e9sent\u00e9s \u00e0 feu le pr\u00e9sident Salifou Diallo. L\u2019objectif est de parvenir \u00e0 reconstituer les archives d\u00e9truites lors de l\u2019insurrection d\u2019octobre 2014.<\/p>\n<p>Il est extr\u00eamement fondamental que les d\u00e9put\u00e9s, le personnel parlementaire et les citoyens puissent retrouver toutes les informations relatives aux l\u00e9gislatures successives.\u00bb, a estim\u00e9 M. Lapeyre de Cabanes. Le pr\u00e9sident Alassane Bala Sakand\u00e9 et son h\u00f4te ont, dans le m\u00eame ordre d\u2019id\u00e9es, \u00e9voqu\u00e9 un autre projet, \u00e0 savoir la cr\u00e9ation d\u2019une cha\u00eene parlementaire. \u00abCette t\u00e9l\u00e9vision permettra de transmettre les d\u00e9bats, et de faire conna\u00eetre le travail du parlement. Il est important que les \u00e9lecteurs puissent \u00eatre tenus inform\u00e9s du travail quotidien de leurs repr\u00e9sentants\u00bb, a-t-il soutenu. L\u2019ambassadeur fran\u00e7ais a dit, en outre, garder de bons souvenirs du Burkina Faso, et particuli\u00e8rement des premiers responsables du parlement burkinab\u00e8. \u00abJ\u2019ai toujours \u00e9t\u00e9, a-t-il expliqu\u00e9, bien re\u00e7u notamment par feu le pr\u00e9sident Diallo et Alassane Bala Sakand\u00e9 apr\u00e8s son \u00e9lection. Mes diff\u00e9rents passages en ces lieux m\u2019ont permis de voir les \u00e9lus nationaux en action, d\u00e9battre avec un grand sens du consensus\u00bb. Et de poursuivre que le d\u00e9bat politique est \u00abtr\u00e8s apais\u00e9\u00bb au Burkina Faso, saluant par ailleurs l\u2019initiative et les conclusions du r\u00e9cent dialogue politique.<\/p>\n<p class=\"c1\"><strong>W. Aubin NANA<\/strong><\/p>\n<div class=\"td-a-rec td-a-rec-id-content_bottom td_uid_30_5d40ba2c7d2d1_rand td_block_template_1\"><img loading=\"lazy\" decoding=\"async\" class=\"aligncenter size-full wp-image-9623\" src=\"https:\/\/www.sidwaya.info\/wp-content\/uploads\/2019\/06\/Projet-bannie%CC%80re-Orange-mobile.jpg\" alt=\"\" width=\"728\" height=\"81\"\/><\/div>\n<p>Auteur: DD. Sidwaya<br \/>\n<a href=\"https:\/\/www.sidwaya.info\/blog\/2019\/07\/29\/assemblee-nationale-lambassadeur-francais-fait-ses-adieux-a-bala-sakande\/\">Cliquez ici pour lire l&rsquo;article depuis sa source.<\/a><\/p>\n","protected":false},"excerpt":{"rendered":"<p>Le Pr\u00e9sident de l\u2019Assembl\u00e9e nationale, Alassane Bala Sakand\u00e9, a re\u00e7u en audience, le vendredi 26 juillet 2019, l\u2019ambassadeur de France au Burkina Faso, Xavier Lapeyre de Cabanes, en fin de mission. Apr\u00e8s trois ann\u00e9es pass\u00e9es au pays des Hommes int\u00e8gres, l\u2019ambassadeur de France au Burkina Faso, Xavier Lapeyre de Cabanes est en fin de mission. [&hellip;]<\/p>\n","protected":false},"author":1816,"featured_media":0,"comment_status":"closed","ping_status":"closed","sticky":false,"template":"","format":"standard","meta":{"fifu_image_url":"","fifu_image_alt":"","footnotes":""},"categories":[73,81],"tags":[],"class_list":["post-49466","post","type-post","status-publish","format-standard","hentry","category-actualite","category-burkina-faso"],"_links":{"self":[{"href":"https:\/\/linitiative.ca\/International\/wp-json\/wp\/v2\/posts\/49466","targetHints":{"allow":["GET"]}}],"collection":[{"href":"https:\/\/linitiative.ca\/International\/wp-json\/wp\/v2\/posts"}],"about":[{"href":"https:\/\/linitiative.ca\/International\/wp-json\/wp\/v2\/types\/post"}],"author":[{"embeddable":true,"href":"https:\/\/linitiative.ca\/International\/wp-json\/wp\/v2\/users\/1816"}],"replies":[{"embeddable":true,"href":"https:\/\/linitiative.ca\/International\/wp-json\/wp\/v2\/comments?post=49466"}],"version-history":[{"count":0,"href":"https:\/\/linitiative.ca\/International\/wp-json\/wp\/v2\/posts\/49466\/revisions"}],"wp:attachment":[{"href":"https:\/\/linitiative.ca\/International\/wp-json\/wp\/v2\/media?parent=49466"}],"wp:term":[{"taxonomy":"category","embeddable":true,"href":"https:\/\/linitiative.ca\/International\/wp-json\/wp\/v2\/categories?post=49466"},{"taxonomy":"post_tag","embeddable":true,"href":"https:\/\/linitiative.ca\/International\/wp-json\/wp\/v2\/tags?post=49466"}],"curies":[{"name":"wp","href":"https:\/\/api.w.org\/{rel}","templated":true}]}}