{"id":49467,"date":"2019-07-29T17:59:36","date_gmt":"2019-07-29T21:59:36","guid":{"rendered":"https:\/\/linitiative.ca\/International\/soutien-aux-deplaces-internes-lua-senquiert-des-preoccupations\/"},"modified":"2019-07-29T17:59:36","modified_gmt":"2019-07-29T21:59:36","slug":"soutien-aux-deplaces-internes-lua-senquiert-des-preoccupations","status":"publish","type":"post","link":"https:\/\/linitiative.ca\/International\/soutien-aux-deplaces-internes-lua-senquiert-des-preoccupations\/","title":{"rendered":"Soutien aux d\u00e9plac\u00e9s internes  : l\u2019UA s\u2019enquiert des pr\u00e9occupations"},"content":{"rendered":"<div class=\"td-post-featured-image\"><a href=\"https:\/\/i2.wp.com\/www.sidwaya.info\/wp-content\/uploads\/2019\/07\/1-54.jpg?fit=728%2C547&#038;ssl=1\" data-caption=\"\"><img loading=\"lazy\" decoding=\"async\" width=\"696\" height=\"523\" class=\"entry-thumb td-modal-image\" src=\"https:\/\/i2.wp.com\/www.sidwaya.info\/wp-content\/uploads\/2019\/07\/1-54.jpg?resize=696%2C523&#038;ssl=1\" srcset=\"https:\/\/i2.wp.com\/www.sidwaya.info\/wp-content\/uploads\/2019\/07\/1-54.jpg?w=728&#038;ssl=1 728w, https:\/\/i2.wp.com\/www.sidwaya.info\/wp-content\/uploads\/2019\/07\/1-54.jpg?resize=300%2C225&#038;ssl=1 300w, https:\/\/i2.wp.com\/www.sidwaya.info\/wp-content\/uploads\/2019\/07\/1-54.jpg?resize=80%2C60&#038;ssl=1 80w, https:\/\/i2.wp.com\/www.sidwaya.info\/wp-content\/uploads\/2019\/07\/1-54.jpg?resize=265%2C198&#038;ssl=1 265w, https:\/\/i2.wp.com\/www.sidwaya.info\/wp-content\/uploads\/2019\/07\/1-54.jpg?resize=696%2C523&#038;ssl=1 696w, https:\/\/i2.wp.com\/www.sidwaya.info\/wp-content\/uploads\/2019\/07\/1-54.jpg?resize=559%2C420&#038;ssl=1 559w\" sizes=\"auto, (max-width: 696px) 100vw, 696px\" alt=\"\" title=\"1\"\/><\/a><\/div>\n<p><strong>Une d\u00e9l\u00e9gation de l\u2019Union africaine conduite par la commissaire aux affaires politiques, Minata Samat\u00e9, s\u2019est rendue \u00e0 Kaya, le samedi 27 juillet 2019, pour t\u00e9moigner la solidarit\u00e9 de l\u2019institution aux d\u00e9plac\u00e9s internes et recueillir leurs pr\u00e9occupations.<\/strong><\/p>\n<div readability=\"12\"><img loading=\"lazy\" decoding=\"async\" class=\"wp-image-11060 size-medium\" src=\"https:\/\/i0.wp.com\/www.sidwaya.info\/wp-content\/uploads\/2019\/07\/2-5.jpg?resize=300%2C225&#038;ssl=1\" alt=\"\" width=\"300\" height=\"225\" srcset=\"https:\/\/i0.wp.com\/www.sidwaya.info\/wp-content\/uploads\/2019\/07\/2-5.jpg?resize=300%2C225&#038;ssl=1 300w, https:\/\/i0.wp.com\/www.sidwaya.info\/wp-content\/uploads\/2019\/07\/2-5.jpg?resize=80%2C60&#038;ssl=1 80w, https:\/\/i0.wp.com\/www.sidwaya.info\/wp-content\/uploads\/2019\/07\/2-5.jpg?resize=265%2C198&#038;ssl=1 265w, https:\/\/i0.wp.com\/www.sidwaya.info\/wp-content\/uploads\/2019\/07\/2-5.jpg?resize=696%2C523&#038;ssl=1 696w, https:\/\/i0.wp.com\/www.sidwaya.info\/wp-content\/uploads\/2019\/07\/2-5.jpg?resize=559%2C420&#038;ssl=1 559w, https:\/\/i0.wp.com\/www.sidwaya.info\/wp-content\/uploads\/2019\/07\/2-5.jpg?w=728&#038;ssl=1 728w\" sizes=\"auto, (max-width: 300px) 100vw, 300px\" data-recalc-dims=\"1\"\/>Les d\u00e9plac\u00e9s internes vivant \u00e0 Kaya ont souhait\u00e9 avoir des logements pour s\u2019abriter.<\/p>\n<p>En plus du don de plus de 50 millions F CFA octroy\u00e9 au gouvernement burkinab\u00e8 pour la prise en charge des d\u00e9plac\u00e9s internes, l\u2019Union africaine (UA) souhaite contribuer \u00e0 la r\u00e9solution des probl\u00e8mes qui engendrent le d\u00e9placement forc\u00e9 des populations.<\/p>\n<\/div>\n<p>De ce fait, une d\u00e9l\u00e9gation de l\u2019institution conduite par la \u00a0commissaire aux affaires politiques, Minata Samat\u00e9, s\u2019est rendue \u00e0 Kaya, le samedi 27 juillet 2019. Elle a t\u00e9moign\u00e9 la solidarit\u00e9 de l\u2019UA aux d\u00e9plac\u00e9s internes et recueillir leurs pr\u00e9occupations. Le repr\u00e9sentant des 30 000 d\u00e9plac\u00e9s internes de Kaya, Idrissa Sawadogo, venu d\u2019Arbinda, a fait savoir que ses compagnons d\u2019infortune et lui font face \u00e0 des probl\u00e8mes de logements. \u00abNous vivons entass\u00e9s dans des \u00e9coles, les zones d\u2019habitats spontan\u00e9s, \u00a0les familles d\u2019accueil. Tous les jours, il y a des arriv\u00e9es, donc certains sont mis \u00e0 la porte au profit des parents de leurs logeurs. Ils se retrouvent \u00e0 dormir \u00e0 la belle \u00e9toile sous la pluie\u00bb, a-t-il expos\u00e9. Un autre souci majeur, selon lui, est l\u2019alimentation.<\/p>\n<p>S\u2019il a reconnu que l\u2019Etat et les organisations humanitaires font des efforts, il a toutefois relev\u00e9 que les rations alimentaires sont faibles et ne couvrent pas les besoins des familles. \u00abSi, nous recevons un sac de ma\u00efs de 25 kilogrammes, nous pouvons parfois attendre un mois pour \u00eatre encore rationn\u00e9s. \u00a0Ce qui ne suffit pas du tout \u00e0 nourrir les familles qui comptent 20 personnes en moyenne et enregistrent au quotidien de nouveaux membres. Or, nous n\u2019avons rien, car nous avons tout laiss\u00e9 derri\u00e8re nous pour sauver nos vies\u00bb, a-t-il soutenu. A sa suite, la d\u00e9plac\u00e9e interne, Limata Bamogo, a relev\u00e9 les difficult\u00e9s d\u2019acc\u00e8s \u00e0 l\u2019eau potable et aux soins de sant\u00e9. \u00abBeaucoup d\u2019entre nous sommes malades, mais nous n\u2019avons pas les moyens pour nous soigner. De plus, nous n\u2019avons pas de moustiquaires pour nous prot\u00e9ger des moustiques\u00bb, a-t-elle regrett\u00e9.<\/p>\n<p><strong>Faire preuve de solidarit\u00e9<\/strong><\/p>\n<p>Le sexag\u00e9naire Niwend\u00e9 Bamogo, qui a fui Korko, un village de la commune de Barsalogho apr\u00e8s que les terroristes aient tu\u00e9 un de ses fils et bless\u00e9 un autre, s\u2019est inqui\u00e9t\u00e9 de l\u2019avenir des enfants et de leur scolarisation. Cette pr\u00e9occupation a \u00e9t\u00e9 partag\u00e9e par le maire de Kaya, Boukar\u00e9 Ou\u00e9draogo. Celui-ci a indiqu\u00e9 que la province du Sanmatenga enregistrait \u00e0 la date du 25 juillet 2019 118 000 d\u00e9plac\u00e9s internes dont beaucoup sont log\u00e9s dans des \u00e9coles. \u00abQue ferons-nous \u00e0 la rentr\u00e9e scolaire\u00bb ? s\u2019est-il interrog\u00e9. Se posant la m\u00eame question, le gouverneur du Centre-Nord, Casimir S\u00e9gu\u00e9da s\u2019est \u00e9galement demand\u00e9 comment les quelque 300 000 d\u00e9plac\u00e9s internes que comptent sa r\u00e9gion seront nourris, vu qu\u2019ils ne sont pas en mesure de faire de la production agricole. \u00a0Toutes ces inqui\u00e9tudes ont \u00e9mu la d\u00e9l\u00e9gation de l\u2019UA. \u00abEn voyant toutes ces femmes, ces enfants et ces hommes dans cette d\u00e9tresse, nous ne pouvons que redoubler d\u2019efforts pour trouver des solutions aux causes profondes des d\u00e9placements forc\u00e9s\u00bb, a d\u00e9clar\u00e9 Minata Samat\u00e9. Ce d\u2019autant plus qu\u2019elle a relev\u00e9 qu\u2019au-del\u00e0 du Burkina Faso, c\u2019est tout le Sahel qui est concern\u00e9 par le ph\u00e9nom\u00e8ne.<\/p>\n<p>\u00abGr\u00e2ce \u00e0 cette sortie de terrain, nous avons pu toucher du doigt les r\u00e9alit\u00e9s des populations \u00e9prouv\u00e9es. Les autorit\u00e9s font ce qu\u2019elles peuvent pour trouver une solution mais il faut que chacun de nous apporte sa pierre. Nous toucherons nos partenaires pour leur montrer la n\u00e9cessit\u00e9 de faire preuve de solidarit\u00e9 entre Africains \u00e0 l\u2019image des habitants de Kaya qui ont accept\u00e9 h\u00e9berger des d\u00e9plac\u00e9s internes. \u00a0Cela montre que malgr\u00e9 la difficult\u00e9, on peut rester humain\u00bb, a-t-elle soulign\u00e9. Membre du sous-comit\u00e9 de l\u2019UA charg\u00e9 des refugi\u00e9s, des rapatri\u00e9s et des d\u00e9plac\u00e9s internes, Dieudonn\u00e9 Ndabarushimana a esp\u00e9r\u00e9 que l\u2019appel \u00e0 la solidarit\u00e9 de la commissaire sera entendu. Aux dires du diplomate burundais, \u00a0l\u2019UA travaillera pour aider \u00e0 r\u00e9tablir les d\u00e9plac\u00e9s internes dans leur dignit\u00e9. Ils leur a donc demand\u00e9 de garder espoir m\u00eame si la situation est difficile.<\/p>\n<p><strong>Eliane SOME<\/strong><\/p>\n<p><strong>elianesome4@gmail.com<\/strong><\/p>\n<div class=\"td-a-rec td-a-rec-id-content_bottom td_uid_30_5d40ba2fa6de5_rand td_block_template_1\"><img loading=\"lazy\" decoding=\"async\" class=\"aligncenter size-full wp-image-9623\" src=\"https:\/\/www.sidwaya.info\/wp-content\/uploads\/2019\/06\/Projet-bannie%CC%80re-Orange-mobile.jpg\" alt=\"\" width=\"728\" height=\"81\"\/><\/div>\n<p>Auteur: DD. Sidwaya<br \/>\n<a href=\"https:\/\/www.sidwaya.info\/blog\/2019\/07\/29\/soutien-aux-deplaces-internes-lua-senquiert-des-preoccupations\/\">Cliquez ici pour lire l&rsquo;article depuis sa source.<\/a><\/p>\n","protected":false},"excerpt":{"rendered":"<p>Une d\u00e9l\u00e9gation de l\u2019Union africaine conduite par la commissaire aux affaires politiques, Minata Samat\u00e9, s\u2019est rendue \u00e0 Kaya, le samedi 27 juillet 2019, pour t\u00e9moigner la solidarit\u00e9 de l\u2019institution aux d\u00e9plac\u00e9s internes et recueillir leurs pr\u00e9occupations. Les d\u00e9plac\u00e9s internes vivant \u00e0 Kaya ont souhait\u00e9 avoir des logements pour s\u2019abriter. En plus du don de plus [&hellip;]<\/p>\n","protected":false},"author":1816,"featured_media":0,"comment_status":"closed","ping_status":"closed","sticky":false,"template":"","format":"standard","meta":{"fifu_image_url":"","fifu_image_alt":"","footnotes":""},"categories":[73,81],"tags":[],"class_list":["post-49467","post","type-post","status-publish","format-standard","hentry","category-actualite","category-burkina-faso"],"_links":{"self":[{"href":"https:\/\/linitiative.ca\/International\/wp-json\/wp\/v2\/posts\/49467","targetHints":{"allow":["GET"]}}],"collection":[{"href":"https:\/\/linitiative.ca\/International\/wp-json\/wp\/v2\/posts"}],"about":[{"href":"https:\/\/linitiative.ca\/International\/wp-json\/wp\/v2\/types\/post"}],"author":[{"embeddable":true,"href":"https:\/\/linitiative.ca\/International\/wp-json\/wp\/v2\/users\/1816"}],"replies":[{"embeddable":true,"href":"https:\/\/linitiative.ca\/International\/wp-json\/wp\/v2\/comments?post=49467"}],"version-history":[{"count":0,"href":"https:\/\/linitiative.ca\/International\/wp-json\/wp\/v2\/posts\/49467\/revisions"}],"wp:attachment":[{"href":"https:\/\/linitiative.ca\/International\/wp-json\/wp\/v2\/media?parent=49467"}],"wp:term":[{"taxonomy":"category","embeddable":true,"href":"https:\/\/linitiative.ca\/International\/wp-json\/wp\/v2\/categories?post=49467"},{"taxonomy":"post_tag","embeddable":true,"href":"https:\/\/linitiative.ca\/International\/wp-json\/wp\/v2\/tags?post=49467"}],"curies":[{"name":"wp","href":"https:\/\/api.w.org\/{rel}","templated":true}]}}