{"id":49468,"date":"2019-07-29T18:02:58","date_gmt":"2019-07-29T22:02:58","guid":{"rendered":"https:\/\/linitiative.ca\/International\/cote-divoire-burkina-faso-une-faitiere-des-operateurs-economiques-burkinabe-portee-est-nee-a-abidjan\/"},"modified":"2019-07-29T18:02:58","modified_gmt":"2019-07-29T22:02:58","slug":"cote-divoire-burkina-faso-une-faitiere-des-operateurs-economiques-burkinabe-portee-est-nee-a-abidjan","status":"publish","type":"post","link":"https:\/\/linitiative.ca\/International\/cote-divoire-burkina-faso-une-faitiere-des-operateurs-economiques-burkinabe-portee-est-nee-a-abidjan\/","title":{"rendered":"C\u00f4te d\u2019Ivoire\/Burkina Faso  : une fa\u00eeti\u00e8re des op\u00e9rateurs \u00e9conomiques burkinab\u00e8 port\u00e9e est n\u00e9e \u00e0 Abidjan"},"content":{"rendered":"<div class=\"td-post-featured-image\"><a href=\"https:\/\/i2.wp.com\/www.sidwaya.info\/wp-content\/uploads\/2019\/07\/1-55.jpg?fit=738%2C553&#038;ssl=1\" data-caption=\"\"><img loading=\"lazy\" decoding=\"async\" width=\"696\" height=\"522\" class=\"entry-thumb td-modal-image\" src=\"https:\/\/i2.wp.com\/www.sidwaya.info\/wp-content\/uploads\/2019\/07\/1-55.jpg?resize=696%2C522&#038;ssl=1\" srcset=\"https:\/\/i2.wp.com\/www.sidwaya.info\/wp-content\/uploads\/2019\/07\/1-55.jpg?w=738&#038;ssl=1 738w, https:\/\/i2.wp.com\/www.sidwaya.info\/wp-content\/uploads\/2019\/07\/1-55.jpg?resize=300%2C225&#038;ssl=1 300w, https:\/\/i2.wp.com\/www.sidwaya.info\/wp-content\/uploads\/2019\/07\/1-55.jpg?resize=80%2C60&#038;ssl=1 80w, https:\/\/i2.wp.com\/www.sidwaya.info\/wp-content\/uploads\/2019\/07\/1-55.jpg?resize=265%2C198&#038;ssl=1 265w, https:\/\/i2.wp.com\/www.sidwaya.info\/wp-content\/uploads\/2019\/07\/1-55.jpg?resize=696%2C522&#038;ssl=1 696w, https:\/\/i2.wp.com\/www.sidwaya.info\/wp-content\/uploads\/2019\/07\/1-55.jpg?resize=561%2C420&#038;ssl=1 561w\" sizes=\"auto, (max-width: 696px) 100vw, 696px\" alt=\"\" title=\"1\"\/><\/a><\/div>\n<p><strong>Il existe d\u00e9sormais en C\u00f4te d\u2019Ivoire et au sein de la diaspora burkinab\u00e8 un Conseil des Op\u00e9rateurs \u00e9conomiques Burkinab\u00e8 (COEBCI). Port\u00e9e sur les fonts baptismaux, il y a quelques mois, avec la caution de la Repr\u00e9sentation diplomatique et consulaire du Burkina Faso en C\u00f4te d\u2019Ivoire, cette nouvelle structure vient combler un grand vide au niveau de l\u2019organisation de la communaut\u00e9 burkinab\u00e8, en l\u2019occurrence le cercle des hommes d\u2019affaires burkinab\u00e8 vivant en C\u00f4te d\u2019Ivoire.<\/strong><\/p>\n<p>A l\u2019occasion de la tenue du 8\u00e8me Sommet du Trait\u00e9 d\u2019Amiti\u00e9 et de Coop\u00e9ration (TAC) entre le Burkina Faso et la R\u00e9publique de C\u00f4te d\u2019Ivoire, pr\u00e9vu du 26 au 31 juillet 2019 \u00e0 Ouagadougou, nous vous proposons de faire la connaissance de cette nouvelle fa\u00eeti\u00e8re des hommes d\u2019affaires burkinab\u00e8 vivant au pays de F\u00e9lix Houphou\u00ebt Boigny. Cr\u00e9\u00e9 le 8 d\u00e9cembre 2018, le Conseil des Op\u00e9rateurs \u00e9conomiques Burkinab\u00e8 en C\u00f4te d\u2019Ivoire est une association apolitique et \u00e0 but non lucratif. Son objectif principal\u00a0est de r\u00e9unir les chefs d\u2019entreprises et de soci\u00e9t\u00e9s burkinab\u00e8 exer\u00e7ant leurs activit\u00e9s essentiellement en C\u00f4te d\u2019Ivoire dans un cadre de concertation, de solidarit\u00e9, de partage et de d\u00e9fense de leurs int\u00e9r\u00eats. Ancien repr\u00e9sentant du Conseil Burkinab\u00e8 des Chargeurs (CBC) \u00e0 Abidjan, M. Moussa Ou\u00e9draogo, pr\u00e9sident du COEBCI est formel\u00a0: \u00abNous sommes une association qui f\u00e9d\u00e8re les entrepreneurs burkinab\u00e8 exer\u00e7ant en C\u00f4te d\u2019Ivoire\u00bb. Recevant les membres du bureau du COEBCI, le 05 juin 2019, l\u2019Ambassadeur du Burkina Faso en C\u00f4te d\u2019Ivoire, SEM. Mahamadou ZONGO et le Consul g\u00e9n\u00e9ral du Burkina Faso \u00e0 Abidjan, Benjamin Nana, ont prodigu\u00e9 des conseils \u00e0 Moussa Ou\u00e9draogo et sa d\u00e9l\u00e9gation.<\/p>\n<p>Ces conseils ont port\u00e9 sur la n\u00e9cessit\u00e9 et l\u2019obligation de disposer d\u2019une association \u00abinclusive et qui bannit les clivages ethniques, politiques et religieux\u00bb, selon les mots de l\u2019ambassadeur Zongo. En retour, Moussa Ou\u00e9draogo et ses coll\u00e8gues ont indiqu\u00e9 \u00e0 la Repr\u00e9sentation diplomatique et consulaire que cette nouvelle structure est consensuelle, car c\u2019est apr\u00e8s de multiples concertations et \u00e9changes directs que le 11 janvier 2019, le pr\u00e9fet d\u2019Abidjan a donn\u00e9 une suite favorable \u00e0 la d\u00e9claration et \u00e0 la demande d\u2019agr\u00e9ment du Conseil des Op\u00e9rateurs \u00e9conomiques burkinab\u00e8 de C\u00f4te d\u2019Ivoire. Pour marquer sa pr\u00e9sence sur le terrain, le COEBCI a d\u00e9j\u00e0 men\u00e9 plusieurs activit\u00e9s. D\u2019abord, le 04 mai 2019, les membres de la COEBCI s\u2019\u00e9taient r\u00e9unis \u00e0 Yamoussoukro. Objectif, informer et sensibiliser les participants \u00e0 la n\u00e9cessit\u00e9 d\u2019adh\u00e9rer \u00e0 cette plateforme dans laquelle militent d\u00e9j\u00e0 des personnalit\u00e9s de renom telles que les stylistes Path\u00e9\u2019O et Saint Jo, le DG du Groupe SERFIN, Mady Ou\u00e9draogo, et le PCA de la SITARAIL, El Hadj Issaka Sawadogo.<\/p>\n<p>C\u2019\u00e9tait la toute premi\u00e8re sortie officielle du Conseil qui a mobilis\u00e9 \u00e0 Yamoussoukro plus de 200 op\u00e9rateurs \u00e9conomiques. Cette rencontre a \u00e9t\u00e9 une occasion pour Moussa Ou\u00e9draogo et ses coll\u00e8gues de se r\u00e9jouir de la cr\u00e9ation de cette association. \u00abAvec notre nombre en C\u00f4te d\u2019Ivoire, nous pouvons r\u00e9aliser de grandes choses si nous \u00e9tions organis\u00e9s. Nous sommes des gens travailleurs, disciplin\u00e9s et polis. Ce que les Burkinab\u00e8 n\u2019ont pas r\u00e9ussi jusqu\u2019aujourd\u2019hui, c\u2019est de se mettre ensemble pour que leur nombre soit visible et refl\u00e8te leur pr\u00e9sence. Si nous \u00e9tions organis\u00e9s, nous aurions pu construire quelque chose de plus repr\u00e9sentatif pour notre honneur. Il est donc grand temps que nous puissions r\u00e9fl\u00e9chir \u00e0 ces choses.Nous n\u2019avons pas cr\u00e9\u00e9 cette association pour faire de la politique. Chacun d\u2019entre nous a son bord politique.<\/p>\n<p>Nous parlons de nous rassembler pour voir comment unir nos efforts et nos intelligences pour construire des \u00e9coles, des universit\u00e9s et des cliniques\u00bb. Il y a eu \u00e9galement la s\u00e9ance de travail entre le bureau de la COEBCI et le pr\u00e9sident du Patronat burkinab\u00e8, le jeudi 16 mai 2019. Le Patron du patronat burkinab\u00e8, M. Apollinaire Compaor\u00e9, de passage \u00e0 Abidjan, a indiqu\u00e9 lors d\u2019une s\u00e9ance de prise de contact avec les membres du Conseil que \u00ables portes du patronat burkinab\u00e8 vous sont ouvertes. Le patronat burkinab\u00e8 sera \u00e0 vos c\u00f4t\u00e9s pour vous soutenir. Je vous encourage donc dans ce que vous faites pour la communaut\u00e9 burkinab\u00e8 en C\u00f4te d\u2019Ivoire\u00bb. Mais avant cette intervention, le pr\u00e9sident du COEBCI a longuement entretenu la d\u00e9l\u00e9gation du patronat burkinab\u00e8 sur les motivations qui ont valu la mise en place du Conseil. Il lui a expliqu\u00e9 de long en large les objectifs et le b\u00e9n\u00e9fice que la communaut\u00e9 burkinab\u00e8 et partant le Burkina Faso et la C\u00f4te d\u2019Ivoire pourraient tirer de la mise en place de cette organisation. A l\u2019endroit du pr\u00e9sident du patronat burkinab\u00e8, Moussa Ou\u00e9draogo\u00a0a d\u00e9clar\u00e9 : \u00abNous fondons beaucoup d\u2019espoir sur ce que le patronat peut apporter \u00e0 notre structure en terme de conseils et d\u2019orientation\u00bb. Qui veut aller loin m\u00e9nage sa monture.<\/p>\n<p>Faisant sien cet adage, le bureau ex\u00e9cutif du COEBCI a initi\u00e9 une formation \u00e0 l\u2019endroit de ses membres. C\u2019\u00e9tait le 12 juin 2019 que les hommes d\u2019affaires burkinab\u00e8, membres de cette fa\u00eeti\u00e8re, ont eu droit \u00e0 une session de formation, \u00e0 Abidjan, dirig\u00e9e par le ministre burkinab\u00e8 du Commerce, de l\u2019Industrie et de l\u2019Artisanat, M. Harouna Kabor\u00e9 et en pr\u00e9sence de la repr\u00e9sentation diplomatique et consulaire burkinab\u00e8. A cette occasion, le ministre Harouna Kabor\u00e9 a fait une importante communication dans laquelle, il a non seulement exhort\u00e9 les op\u00e9rateurs \u00e9conomiques de la diaspora \u00e0 investir au pays, mais surtout expos\u00e9 les opportunit\u00e9s d\u2019investissement au Burkina Faso. \u00abLa C\u00f4te d\u2019Ivoire est le premier partenaire \u00e9conomique du Burkina Faso et elle se trouve \u00eatre le pays qui accueille la plus grande diaspora. C\u2019est pourquoi nous invitons les op\u00e9rateurs \u00e9conomiques \u00e0 contribuer au d\u00e9veloppement du Burkina Faso en y investissant\u00bb, a lanc\u00e9 Harouna Kabor\u00e9 qui a, par ailleurs, insist\u00e9 sur la n\u00e9cessit\u00e9 pour les op\u00e9rateurs \u00e9conomiques de la diaspora d\u2019\u00eatre sensibilis\u00e9s aux mesures incitatives mises en place par le gouvernement burkinab\u00e8 afin de faciliter les investissements. Il s\u2019agit, entre autres, des avantages fiscaux et le nouveau code d\u2019investissement.<\/p>\n<p>\u00abLe Burkina Faso attend beaucoup des hommes d\u2019affaires de la diaspora pour booster sa croissance \u00e9conomique\u00bb. Prenant la parole, le pr\u00e9sident du Conseil a expliqu\u00e9 le bien-fond\u00e9 de la structure qu\u2019il dirige tout en pr\u00e9cisant qu\u2019elle n\u2019a pas pour vocation de faire \u00abgagner de l\u2019argent\u00bb mais d\u2019\u00eatre un creuset de solidarit\u00e9 et de d\u00e9fense des int\u00e9r\u00eats de ses membres. On note \u00e9galement \u00e0 l\u2019actif du COEBCI, des visites des entreprises appartenant \u00e0 ses membres influents. Il s\u2019agit de l\u2019usine de CIM Ivoire de l\u2019homme d\u2019affaires Inoussa Kanazo\u00e9, visit\u00e9e le 11 juin 2019, de la soci\u00e9t\u00e9 STIB de Issaka Sawadogo et l\u2019atelier du styliste Path\u00e9\u2019O, visit\u00e9s le 13 juillet 2019. Le bureau ex\u00e9cutif pr\u00e9sid\u00e9 par Moussa Ou\u00e9draogo n\u2019entend pas s\u2019arr\u00eater en si bon chemin. Moussa Ou\u00e9draogo et son bureau projettent dans les semaines \u00e0 venir des tourn\u00e9es \u00e0 l\u2019int\u00e9rieur de la C\u00f4te d\u2019Ivoire pour sensibiliser et informer l\u2019ensemble des op\u00e9rateurs \u00e9conomiques burkinab\u00e8 \u00e0 la n\u00e9cessite d\u2019adh\u00e9rer au COEBCI.<\/p>\n<p class=\"c1\"><strong>Issouf ZABSONRE<\/strong><\/p>\n<p class=\"c1\"><strong>Attach\u00e9 de Presse Ambassade<\/strong><\/p>\n<p class=\"c1\"><strong>du Burkina Abidjan<\/strong><\/p>\n<div class=\"td-a-rec td-a-rec-id-content_bottom td_uid_30_5d40ba32bdb40_rand td_block_template_1\"><img loading=\"lazy\" decoding=\"async\" class=\"aligncenter size-full wp-image-9623\" src=\"https:\/\/www.sidwaya.info\/wp-content\/uploads\/2019\/06\/Projet-bannie%CC%80re-Orange-mobile.jpg\" alt=\"\" width=\"728\" height=\"81\"\/><\/div>\n<p>Auteur: DD. Sidwaya<br \/>\n<a href=\"https:\/\/www.sidwaya.info\/blog\/2019\/07\/29\/cote-divoire-burkina-faso-une-faitiere-des-operateurs-economiques-burkinabe-portee-est-nee-a-abidjan\/\">Cliquez ici pour lire l&rsquo;article depuis sa source.<\/a><\/p>\n","protected":false},"excerpt":{"rendered":"<p>Il existe d\u00e9sormais en C\u00f4te d\u2019Ivoire et au sein de la diaspora burkinab\u00e8 un Conseil des Op\u00e9rateurs \u00e9conomiques Burkinab\u00e8 (COEBCI). Port\u00e9e sur les fonts baptismaux, il y a quelques mois, avec la caution de la Repr\u00e9sentation diplomatique et consulaire du Burkina Faso en C\u00f4te d\u2019Ivoire, cette nouvelle structure vient combler un grand vide au niveau [&hellip;]<\/p>\n","protected":false},"author":1816,"featured_media":0,"comment_status":"closed","ping_status":"closed","sticky":false,"template":"","format":"standard","meta":{"fifu_image_url":"","fifu_image_alt":"","footnotes":""},"categories":[73,81],"tags":[],"class_list":["post-49468","post","type-post","status-publish","format-standard","hentry","category-actualite","category-burkina-faso"],"_links":{"self":[{"href":"https:\/\/linitiative.ca\/International\/wp-json\/wp\/v2\/posts\/49468","targetHints":{"allow":["GET"]}}],"collection":[{"href":"https:\/\/linitiative.ca\/International\/wp-json\/wp\/v2\/posts"}],"about":[{"href":"https:\/\/linitiative.ca\/International\/wp-json\/wp\/v2\/types\/post"}],"author":[{"embeddable":true,"href":"https:\/\/linitiative.ca\/International\/wp-json\/wp\/v2\/users\/1816"}],"replies":[{"embeddable":true,"href":"https:\/\/linitiative.ca\/International\/wp-json\/wp\/v2\/comments?post=49468"}],"version-history":[{"count":0,"href":"https:\/\/linitiative.ca\/International\/wp-json\/wp\/v2\/posts\/49468\/revisions"}],"wp:attachment":[{"href":"https:\/\/linitiative.ca\/International\/wp-json\/wp\/v2\/media?parent=49468"}],"wp:term":[{"taxonomy":"category","embeddable":true,"href":"https:\/\/linitiative.ca\/International\/wp-json\/wp\/v2\/categories?post=49468"},{"taxonomy":"post_tag","embeddable":true,"href":"https:\/\/linitiative.ca\/International\/wp-json\/wp\/v2\/tags?post=49468"}],"curies":[{"name":"wp","href":"https:\/\/api.w.org\/{rel}","templated":true}]}}