{"id":49469,"date":"2019-07-29T18:06:38","date_gmt":"2019-07-29T22:06:38","guid":{"rendered":"https:\/\/linitiative.ca\/International\/direction-regionale-de-la-sante-du-sahel-alkassoum-maiga-offre-180-lits-et-matelas\/"},"modified":"2019-07-29T18:06:38","modified_gmt":"2019-07-29T22:06:38","slug":"direction-regionale-de-la-sante-du-sahel-alkassoum-maiga-offre-180-lits-et-matelas","status":"publish","type":"post","link":"https:\/\/linitiative.ca\/International\/direction-regionale-de-la-sante-du-sahel-alkassoum-maiga-offre-180-lits-et-matelas\/","title":{"rendered":"Direction r\u00e9gionale de la Sant\u00e9 du Sahel  : Alkassoum Ma\u00efga offre 180 lits et matelas"},"content":{"rendered":"<div class=\"td-post-featured-image\"><a href=\"https:\/\/i2.wp.com\/www.sidwaya.info\/wp-content\/uploads\/2019\/07\/1-56.jpg?fit=738%2C589&#038;ssl=1\" data-caption=\"\"><img loading=\"lazy\" decoding=\"async\" width=\"696\" height=\"555\" class=\"entry-thumb td-modal-image\" src=\"https:\/\/i2.wp.com\/www.sidwaya.info\/wp-content\/uploads\/2019\/07\/1-56.jpg?resize=696%2C555&#038;ssl=1\" srcset=\"https:\/\/i2.wp.com\/www.sidwaya.info\/wp-content\/uploads\/2019\/07\/1-56.jpg?w=738&#038;ssl=1 738w, https:\/\/i2.wp.com\/www.sidwaya.info\/wp-content\/uploads\/2019\/07\/1-56.jpg?resize=300%2C239&#038;ssl=1 300w, https:\/\/i2.wp.com\/www.sidwaya.info\/wp-content\/uploads\/2019\/07\/1-56.jpg?resize=696%2C555&#038;ssl=1 696w, https:\/\/i2.wp.com\/www.sidwaya.info\/wp-content\/uploads\/2019\/07\/1-56.jpg?resize=526%2C420&#038;ssl=1 526w\" sizes=\"auto, (max-width: 696px) 100vw, 696px\" alt=\"\" title=\"1\"\/><\/a><\/div>\n<p><strong>Le ministre de l\u2019Enseignement sup\u00e9rieur, de la Recherche scientifique et de l\u2019Innovation, Pr Alkassoum Ma\u00efga, a remis du mat\u00e9riel m\u00e9dicotechnique \u00e0 la direction r\u00e9gionale de la Sant\u00e9 du Sahel, le mardi 23 juillet 2019 \u00e0 Dori. Ce don est compos\u00e9 de dix armoires et de 180 lits et matelas.<\/strong><\/p>\n<p>Le mat\u00e9riel m\u00e9dicotechnique offert par le ministre de l\u2019Enseignement sup\u00e9rieur, de la Recherche scientifique et de l\u2019Innovation, Pr Alkassoum Ma\u00efga \u00e0 la direction r\u00e9gionale de la Sant\u00e9 du Sahel, le mardi 23 juillet 2019, \u00e0 Dori est compos\u00e9 de 180 lits, 180 matelas et dix armoires. De l\u2019avis du donateur, son d\u00e9partement met \u00e0 la disposition de l\u2019Etat du personnel comp\u00e9tent dans le domaine de la sant\u00e9, mais quelquefois ces derniers sont confront\u00e9s \u00e0 des difficult\u00e9s \u00e0 cause du manque d\u2019infrastructures et d\u2019\u00e9quipements. \u00abC\u2019est ainsi que gr\u00e2ce \u00e0 des amis, nous avons pu avoir cet accompagnement et nous avons pens\u00e9 \u00e0 la r\u00e9gion du Sahel. Aujourd\u2019hui, c\u2019est le Sahel, mais nous ferons en sorte qu\u2019\u00e0 travers nos contacts que nous puissions progressivement accompagner les r\u00e9gions qui sont dans le besoin\u00bb, a expliqu\u00e9 le Pr Ma\u00efga. A l\u2019en croire, ce don de mat\u00e9riel est la reconnaissance du soutien du Burkina Faso et particuli\u00e8rement du Sahel, sa r\u00e9gion natale dans sa formation professionnelle. \u00abNous avons pos\u00e9 cet acte parce que pour arriver o\u00f9 nous sommes aujourd\u2019hui, le pays nous a donn\u00e9 beaucoup.<\/p>\n<p>C\u2019est gr\u00e2ce \u00e0 l\u2019accompagnement de l\u2019Etat que j\u2019ai pu faire ma formation professionnelle. Je sais que je dois beaucoup \u00e0 ma r\u00e9gion natale\u00bb, a relat\u00e9 le fils de Markoye dans la province de l\u2019Oudalan. Quant \u00e0 l\u2019utilisation du mat\u00e9riel, il a exhort\u00e9 les sah\u00e9liens a en faire un bon usage. A l\u2019adresse du personnel de sant\u00e9, le ministre Ma\u00efga les a encourag\u00e9s \u00e0 \u00eatre \u00e0 l\u2019\u00e9coute des malades. Une participation communautaire Le directeur r\u00e9gional de la sant\u00e9 du Sahel, Dr Hamed Sidwaya Ou\u00e9draogo a confi\u00e9 que le geste du ministre de l\u2019Enseignement sup\u00e9rieur, de la Recherche scientifique et de l\u2019Innovation, Pr Alkassoum Ma\u00efga est une participation communautaire pour le renforcement des capacit\u00e9s techniques des formations sanitaires en vue de prendre en charge les malades.<\/p>\n<p>\u00abCe mat\u00e9riel nous permettra d\u2019am\u00e9liorer la literie. En effet, les malades pour pouvoir bien se porter, doivent \u00eatre dans des conditions hygi\u00e9niques qui puissent contribuer \u00e0 l\u2019am\u00e9lioration de la qualit\u00e9 des soins\u00bb, a-t-il inform\u00e9. Dr Ou\u00e9draogo a fait savoir \u00e9galement que ces lits permettront de faciliter le s\u00e9jour des patients dans les Centres de sant\u00e9 et de promotion sociale (CSPS) des quatre districts sanitaires que compte le Sahel et le Centre hospitalier r\u00e9gional (CHR) de Dori. Il a exprim\u00e9 toute sa gratitude au donateur qui, selon lui, n\u2019est pas \u00e0 son premier accompagnement. En clair, le directeur r\u00e9gional de la sant\u00e9 du Sahel a r\u00e9v\u00e9l\u00e9 que le ministre de l\u2019Enseignement sup\u00e9rieur, de la Recherche scientifique et de l\u2019Innovation a contribu\u00e9 financi\u00e8rement en 2018 \u00e0 la connexion de la maternit\u00e9 du CHR de Dori avec la centrale d\u2019oxyg\u00e8ne. C\u2019est pourquoi, Dr Hamed Sidwaya Ou\u00e9draogo a demand\u00e9 \u00e0 d\u2019autres fils et filles de la r\u00e9gion du Sahel d\u2019en faire autant, de sorte que les populations de cette partie du Burkina Faso soient dignement soign\u00e9es. Pour sa part, le patron de la c\u00e9r\u00e9monie, Simon Compaor\u00e9, par ailleurs, pr\u00e9sident par int\u00e9rim du Mouvement du peuple pour le progr\u00e8s (MPP) a estim\u00e9 que le secteur de la sant\u00e9 a besoin que des citoyens se mobilisent pour accompagner les efforts consentis par l\u2019Etat central.<\/p>\n<p>C\u2018est dans cette optique qu\u2019il a affirm\u00e9 que le geste du Pr Ma\u00efga est un tr\u00e8s bel exemple qui contribue ainsi \u00e0 l\u2019am\u00e9lioration des \u00e9quipements sanitaires du Sahel. En d\u00e9pit des efforts de l\u2019Etat, a d\u00e9plor\u00e9 M. Compaor\u00e9, il y a des malades qui dorment \u00e0 m\u00eame le sol ou sur des nattes parce que le nombre de lits est insuffisant. Il a, en outre, f\u00e9licit\u00e9 et encourag\u00e9 le donateur parce qu\u2019en tant que fils du Sahel, pour lui, il a montr\u00e9 le chemin \u00e0 suivre, d\u2019o\u00f9 son invite \u00e0 d\u2019autres bonnes volont\u00e9s \u00e0 lui embo\u00eeter le pas. Quant au pr\u00e9sident du conseil r\u00e9gional du Sahel, Hamidou Dicko, par ailleurs pr\u00e9sident du comit\u00e9 d\u2019organisation de la c\u00e9r\u00e9monie, il a dit que la sant\u00e9 est la premi\u00e8re richesse dont on dispose avant de pouvoir penser \u00e0 aautre chose. De ce fait, il a salu\u00e9 le geste du Pr qui a non seulement mis la main dans la poche, mais \u00e9galement fait valoir son impressionnant carnet d\u2019adresse en vue d\u2019obtenir du mat\u00e9riel m\u00e9dicotechnique pour les mettre \u00e0 disposition de ses fr\u00e8res et s\u0153urs du Sahel.<\/p>\n<p class=\"c1\"><strong>Souaibou NOMBRE<\/strong><\/p>\n<p class=\"c1\"><strong>Snombre29@yahoo.fr<\/strong><\/p>\n<div class=\"td-a-rec td-a-rec-id-content_bottom td_uid_30_5d40ba35ccbfe_rand td_block_template_1\"><img loading=\"lazy\" decoding=\"async\" class=\"aligncenter size-full wp-image-9623\" src=\"https:\/\/www.sidwaya.info\/wp-content\/uploads\/2019\/06\/Projet-bannie%CC%80re-Orange-mobile.jpg\" alt=\"\" width=\"728\" height=\"81\"\/><\/div>\n<p>Auteur: DD. Sidwaya<br \/>\n<a href=\"https:\/\/www.sidwaya.info\/blog\/2019\/07\/29\/direction-regionale-de-la-sante-du-sahel-alkassoum-maiga-offre-180-lits-et-matelas\/\">Cliquez ici pour lire l&rsquo;article depuis sa source.<\/a><\/p>\n","protected":false},"excerpt":{"rendered":"<p>Le ministre de l\u2019Enseignement sup\u00e9rieur, de la Recherche scientifique et de l\u2019Innovation, Pr Alkassoum Ma\u00efga, a remis du mat\u00e9riel m\u00e9dicotechnique \u00e0 la direction r\u00e9gionale de la Sant\u00e9 du Sahel, le mardi 23 juillet 2019 \u00e0 Dori. Ce don est compos\u00e9 de dix armoires et de 180 lits et matelas. Le mat\u00e9riel m\u00e9dicotechnique offert par le [&hellip;]<\/p>\n","protected":false},"author":1816,"featured_media":0,"comment_status":"closed","ping_status":"closed","sticky":false,"template":"","format":"standard","meta":{"fifu_image_url":"","fifu_image_alt":"","footnotes":""},"categories":[73,81],"tags":[],"class_list":["post-49469","post","type-post","status-publish","format-standard","hentry","category-actualite","category-burkina-faso"],"_links":{"self":[{"href":"https:\/\/linitiative.ca\/International\/wp-json\/wp\/v2\/posts\/49469","targetHints":{"allow":["GET"]}}],"collection":[{"href":"https:\/\/linitiative.ca\/International\/wp-json\/wp\/v2\/posts"}],"about":[{"href":"https:\/\/linitiative.ca\/International\/wp-json\/wp\/v2\/types\/post"}],"author":[{"embeddable":true,"href":"https:\/\/linitiative.ca\/International\/wp-json\/wp\/v2\/users\/1816"}],"replies":[{"embeddable":true,"href":"https:\/\/linitiative.ca\/International\/wp-json\/wp\/v2\/comments?post=49469"}],"version-history":[{"count":0,"href":"https:\/\/linitiative.ca\/International\/wp-json\/wp\/v2\/posts\/49469\/revisions"}],"wp:attachment":[{"href":"https:\/\/linitiative.ca\/International\/wp-json\/wp\/v2\/media?parent=49469"}],"wp:term":[{"taxonomy":"category","embeddable":true,"href":"https:\/\/linitiative.ca\/International\/wp-json\/wp\/v2\/categories?post=49469"},{"taxonomy":"post_tag","embeddable":true,"href":"https:\/\/linitiative.ca\/International\/wp-json\/wp\/v2\/tags?post=49469"}],"curies":[{"name":"wp","href":"https:\/\/api.w.org\/{rel}","templated":true}]}}