{"id":49504,"date":"2019-07-30T04:02:20","date_gmt":"2019-07-30T08:02:20","guid":{"rendered":"https:\/\/linitiative.ca\/International\/le-cameroun-table-sur-un-taux-de-croissance-de-42-en-2019\/"},"modified":"2019-07-30T04:02:20","modified_gmt":"2019-07-30T08:02:20","slug":"le-cameroun-table-sur-un-taux-de-croissance-de-42-en-2019","status":"publish","type":"post","link":"https:\/\/linitiative.ca\/International\/le-cameroun-table-sur-un-taux-de-croissance-de-42-en-2019\/","title":{"rendered":"Le Cameroun table sur un taux de croissance de 4,2% en 2019"},"content":{"rendered":"<p>En m\u00eame temps que le secteur p\u00e9trolier devrait renouer avec la croissance, l\u2019inflation restera ma\u00eetris\u00e9e en d\u00e9pit des pressions \u00e0 la hausse des prix des produits alimentaires, les crises sociopolitiques et s\u00e9curitaires. Le prochain budget de l\u2019\u00c9tat camerounais sera ainsi \u00e9labor\u00e9 sur la base d\u2019un taux de croissance du <strong>produit int\u00e9rieur brut<\/strong> (PIB) r\u00e9el de <strong>4,5%<\/strong>, un taux d\u2019inflation inf\u00e9rieur \u00e0 <strong>3%<\/strong>, un d\u00e9ficit budg\u00e9taire global dons compris de <strong>1,5%<\/strong> du Pib, et un d\u00e9ficit du compte courant transferts publics inclus de <strong>3,3%<\/strong> du PIB.<\/p>\n<hr\/>\n<h4><strong>>> Lire aussi \u2013 <a title=\"Cemac : les pr\u00e9visions de croissance pour 2019 revues \u00e0 la baisse\" href=\"https:\/\/ecomatin.net\/zone-cemac-les-previsions-de-croissance-pour-2019-revues-a-la-baisse\/\" target=\"_blank\" rel=\"noopener noreferrer\">Cemac : les pr\u00e9visions de croissance pour 2019 revues \u00e0 la baisse<\/a><br \/><\/strong><\/h4>\n<hr\/>\n<p>Les objectifs budg\u00e9taires de 2020 viseront l\u2019\u00e9largissement de l\u2019assiette fiscale par la rationalisation et la ma\u00eetrise des r\u00e9gimes fiscaux incitatifs, la s\u00e9curisation des recettes, la lutte contre la fraude fiscale et l\u2019\u00e9vasion fiscale internationale, l\u2019am\u00e9lioration de l\u2019environnement fiscal et des affaires, ainsi que la promotion du civisme et de la justice fiscale. Au plan de la gouvernance, <strong>Paul Biya<\/strong> prescrit au gouvernement la r\u00e9duction du train de vie de l\u2019\u00c9tat, la mobilisation des recettes non p\u00e9troli\u00e8res, l\u2019am\u00e9lioration de la planification et la transparence budg\u00e9taire, l\u2019am\u00e9lioration substantielle de la qualit\u00e9 de la d\u00e9pense publique ainsi que le renforcement du recouvrement des recettes budg\u00e9taires.<\/p>\n<hr\/>\n<h4><strong>>> Lire aussi \u2013 <a title=\"Performance : la croissance de 4,5% pour le Cameroun au 4e trimestre 2018\" href=\"https:\/\/ecomatin.net\/performance-la-croissance-de-45-pour-le-cameroun-au-4e-trimestre-2018\/\" target=\"_blank\" rel=\"noopener noreferrer\">Performance : la croissance de 4,5% pour le Cameroun au 4e trimestre 2018<\/a><br \/><\/strong><\/h4>\n<hr\/>\n<p>De m\u00eame, 2020 sera marqu\u00e9 par l\u2019intensification de la lutte contre la corruption et les atteintes \u00e0 la fortune publique, la poursuite de l\u2019assainissement du fichier solde de l\u2019\u00c9tat, l\u2019acc\u00e9l\u00e9ration de la mise en \u0153uvre du syst\u00e8me d\u2019\u00e9valuation des performances des agents publics, l\u2019am\u00e9lioration de la transparence budg\u00e9taire, la r\u00e9duction des d\u00e9lais de paiement, l\u2019am\u00e9lioration du climat des affaires, entre autres. Le budget 2019 du Cameroun, initialement arr\u00eat\u00e9 en recettes et en d\u00e9penses \u00e0 <strong>4850,5 milliards FCfa<\/strong>, a \u00e9t\u00e9 port\u00e9 \u00e0 <strong>5212 milliards FCfa<\/strong> en juin, avec pour souci de s\u2019arrimer au nouveau cadre macro\u00e9conomique et budg\u00e9taire, mais aussi de prendre en compte les recommandations du <strong>Fonds mon\u00e9taire international<\/strong> (Fmi) avec lequel le pays est sous-programme triennal de r\u00e9formes appuy\u00e9 par la <strong>facilit\u00e9 \u00e9largie de cr\u00e9dit<\/strong> (Fec).<\/p>\n<div class=\"about-author about-author-box container-wrapper\">\n<div class=\"author-avatar\">\n<p><img decoding=\"async\" src=\"http:\/\/\" alt=\"\"\/><\/p>\n<\/div>\n<p><h4>La R\u00e9daction EcoMatin<\/h4>\n<\/p>\n<\/div>\n<div class=\"awac-wrapper awac widget blog_subscription-2\">\n<h4 class=\"widget-title\">Abonnez-vous \u00e0 notre lettre d&rsquo;information<\/h4>\n<\/div>\n<p>Auteur: EcoMatin<br \/>\n<a href=\"https:\/\/ecomatin.net\/le-cameroun-table-sur-un-taux-de-croissance-de-42-en-2019\/\">Cliquez ici pour lire l&rsquo;article depuis sa source.<\/a><\/p>\n","protected":false},"excerpt":{"rendered":"<p>En m\u00eame temps que le secteur p\u00e9trolier devrait renouer avec la croissance, l\u2019inflation restera ma\u00eetris\u00e9e en d\u00e9pit des pressions \u00e0 la hausse des prix des produits alimentaires, les crises sociopolitiques et s\u00e9curitaires. Le prochain budget de l\u2019\u00c9tat camerounais sera ainsi \u00e9labor\u00e9 sur la base d\u2019un taux de croissance du produit int\u00e9rieur brut (PIB) r\u00e9el de [&hellip;]<\/p>\n","protected":false},"author":1969,"featured_media":0,"comment_status":"closed","ping_status":"closed","sticky":false,"template":"","format":"standard","meta":{"fifu_image_url":"","fifu_image_alt":"","footnotes":""},"categories":[82,78],"tags":[],"class_list":["post-49504","post","type-post","status-publish","format-standard","hentry","category-cameroun","category-economie"],"_links":{"self":[{"href":"https:\/\/linitiative.ca\/International\/wp-json\/wp\/v2\/posts\/49504","targetHints":{"allow":["GET"]}}],"collection":[{"href":"https:\/\/linitiative.ca\/International\/wp-json\/wp\/v2\/posts"}],"about":[{"href":"https:\/\/linitiative.ca\/International\/wp-json\/wp\/v2\/types\/post"}],"author":[{"embeddable":true,"href":"https:\/\/linitiative.ca\/International\/wp-json\/wp\/v2\/users\/1969"}],"replies":[{"embeddable":true,"href":"https:\/\/linitiative.ca\/International\/wp-json\/wp\/v2\/comments?post=49504"}],"version-history":[{"count":0,"href":"https:\/\/linitiative.ca\/International\/wp-json\/wp\/v2\/posts\/49504\/revisions"}],"wp:attachment":[{"href":"https:\/\/linitiative.ca\/International\/wp-json\/wp\/v2\/media?parent=49504"}],"wp:term":[{"taxonomy":"category","embeddable":true,"href":"https:\/\/linitiative.ca\/International\/wp-json\/wp\/v2\/categories?post=49504"},{"taxonomy":"post_tag","embeddable":true,"href":"https:\/\/linitiative.ca\/International\/wp-json\/wp\/v2\/tags?post=49504"}],"curies":[{"name":"wp","href":"https:\/\/api.w.org\/{rel}","templated":true}]}}