{"id":49511,"date":"2019-07-30T12:49:48","date_gmt":"2019-07-30T16:49:48","guid":{"rendered":"https:\/\/linitiative.ca\/International\/contrebande-un-fabricant-de-savons-douteux-deniche-a-mimboman\/"},"modified":"2019-07-30T12:49:48","modified_gmt":"2019-07-30T16:49:48","slug":"contrebande-un-fabricant-de-savons-douteux-deniche-a-mimboman","status":"publish","type":"post","link":"https:\/\/linitiative.ca\/International\/contrebande-un-fabricant-de-savons-douteux-deniche-a-mimboman\/","title":{"rendered":"Contrebande : un fabricant de savons douteux d\u00e9nich\u00e9 \u00e0 Mimboman"},"content":{"rendered":"<p>Le ministre du Commerce vient de mettre la main sur un fabricant de savon en poudre\u00a0<em>\u00ab\u00a0contrefait\u00a0\u00bb<\/em>\u00a0au quartier Mimboman \u00e0 Yaound\u00e9. C\u2019\u00e9tait le 25 juillet dernier lors d\u2019un contr\u00f4le inopin\u00e9. D\u2019apr\u00e8s des informations recueillies dans le quotidien national <strong>Cameroon<\/strong>\u00a0<strong>Tribune<\/strong>, ce sont des dizaines de sacs plastiques bourr\u00e9s de sachet de d\u00e9tergent de 50 grammes (g) qui ont \u00e9t\u00e9 trouv\u00e9s entass\u00e9s au sol dans son local. Ceci aux c\u00f4t\u00e9s des mottes d\u2019une poudre de couleur jaune, quatre machines industrielles, des bidons d\u2019eau, des f\u00fbts noircis par la fum\u00e9e pos\u00e9s sur des foyers et du linge \u00e9parpill\u00e9. Visiblement, ce local servait d\u2019usine de fabrication de ses produits. Interrog\u00e9,\u00a0<strong>Carolin Feudjio<\/strong>, le responsable de\u00a0<em>\u00ab\u00a0l\u2019entreprise\u00a0\u00bb<\/em>\u00a0qui dit se d\u00e9brouiller car sans emploi depuis longtemps, affirme qu\u2019il ne s\u2019agit nullement de produits de contrefa\u00e7on mais d\u2019une\u00a0<em>\u00ab\u00a0fabrication du savon d\u2019une mani\u00e8re artisanale et informelle\u00a0\u00bb.<\/em>Seulement, le produit est commercialis\u00e9 sous le couvert d\u2019une marque connue. Chose curieuse.<\/p>\n<p>Non convaincu de ses explications, le ministre du Commerce lui a signifi\u00e9 l\u2019enclenchement d\u2019une proc\u00e9dure de contr\u00f4le administrative \u00e0 son encontre avec comme motifs <em>\u00ab\u00a0l\u2019utilisation de machines de contrebande et activit\u00e9 criminelle non d\u00e9clar\u00e9e<\/em>\u00a0\u00bb.\u00a0\u00a0En effet, les machines proviendraient de Chine et les emballages du Nig\u00e9ria. En plus, les multiples usages que conf\u00e8re le produit, notamment dans la lessive, la vaisselle, le bain, le brossage des dents, le nettoyage des oreilles et le pansement des blessures, selon les indications de l\u2019emballage, laissent un doute quant \u00e0 sa bonne qualit\u00e9. En attendant la formalisation des poursuites judiciaires, les pi\u00e8ces d\u2019identit\u00e9 de Carolin Feudjio ont \u00e9t\u00e9 saisies et son local scell\u00e9 puis class\u00e9 dans la cat\u00e9gorie des\u00a0<em>\u00ab\u00a0usines\u00a0 dangereuses\u00a0\u00bb.<\/em>\u00a0S\u2019il s\u2019av\u00e8re que ces produits sont v\u00e9ritablement contrefaits, Carolin Feudjio serait alors le deuxi\u00e8me promoteur pris en flagrant d\u00e9lit.<\/p>\n<p>Pour rappel, il y a quelques mois, l\u2019\u00e9quipe de la Brigade de Contr\u00f4le et de R\u00e9pression des Fraudes du Mincommerce, avait mis la main sur un important stock de produits contrefaits, p\u00e9rim\u00e9s et redat\u00e9s dans des entrep\u00f4ts situ\u00e9s au quartier \u00ab Biteng \u00bb et au lieudit Total Magzi\u00a0; avec sur le site de fabrication, les armes du crime \u00e0 savoir, l\u2019outil qui sert \u00e0 falsifier les dates de fabrication et de p\u00e9remption des produits, des ingr\u00e9dients de fabrication de faux whisky. D\u2019apr\u00e8s la cellule de communication du minist\u00e8re du Commerce, des premiers indices montraient qu\u2019il s\u2019agissait de l\u2019\u0153uvre du promoteur des supermarch\u00e9s Fontana.<\/p>\n<div class=\"about-author about-author-box container-wrapper\">\n<div class=\"author-avatar\">\n<p><img decoding=\"async\" src=\"http:\/\/\" alt=\"\"\/><\/p>\n<\/div>\n<p><h4>La R\u00e9daction EcoMatin<\/h4>\n<\/p>\n<\/div>\n<div class=\"awac-wrapper awac widget blog_subscription-2\">\n<h4 class=\"widget-title\">Abonnez-vous \u00e0 notre lettre d&rsquo;information<\/h4>\n<\/div>\n<p>Auteur: EcoMatin<br \/>\n<a href=\"https:\/\/ecomatin.net\/contrebande-un-fabricant-de-savons-douteux-deniche-a-mimboman\/\">Cliquez ici pour lire l&rsquo;article depuis sa source.<\/a><\/p>\n","protected":false},"excerpt":{"rendered":"<p>Le ministre du Commerce vient de mettre la main sur un fabricant de savon en poudre\u00a0\u00ab\u00a0contrefait\u00a0\u00bb\u00a0au quartier Mimboman \u00e0 Yaound\u00e9. C\u2019\u00e9tait le 25 juillet dernier lors d\u2019un contr\u00f4le inopin\u00e9. D\u2019apr\u00e8s des informations recueillies dans le quotidien national Cameroon\u00a0Tribune, ce sont des dizaines de sacs plastiques bourr\u00e9s de sachet de d\u00e9tergent de 50 grammes (g) qui [&hellip;]<\/p>\n","protected":false},"author":1969,"featured_media":0,"comment_status":"closed","ping_status":"closed","sticky":false,"template":"","format":"standard","meta":{"fifu_image_url":"","fifu_image_alt":"","footnotes":""},"categories":[82,78],"tags":[],"class_list":["post-49511","post","type-post","status-publish","format-standard","hentry","category-cameroun","category-economie"],"_links":{"self":[{"href":"https:\/\/linitiative.ca\/International\/wp-json\/wp\/v2\/posts\/49511","targetHints":{"allow":["GET"]}}],"collection":[{"href":"https:\/\/linitiative.ca\/International\/wp-json\/wp\/v2\/posts"}],"about":[{"href":"https:\/\/linitiative.ca\/International\/wp-json\/wp\/v2\/types\/post"}],"author":[{"embeddable":true,"href":"https:\/\/linitiative.ca\/International\/wp-json\/wp\/v2\/users\/1969"}],"replies":[{"embeddable":true,"href":"https:\/\/linitiative.ca\/International\/wp-json\/wp\/v2\/comments?post=49511"}],"version-history":[{"count":0,"href":"https:\/\/linitiative.ca\/International\/wp-json\/wp\/v2\/posts\/49511\/revisions"}],"wp:attachment":[{"href":"https:\/\/linitiative.ca\/International\/wp-json\/wp\/v2\/media?parent=49511"}],"wp:term":[{"taxonomy":"category","embeddable":true,"href":"https:\/\/linitiative.ca\/International\/wp-json\/wp\/v2\/categories?post=49511"},{"taxonomy":"post_tag","embeddable":true,"href":"https:\/\/linitiative.ca\/International\/wp-json\/wp\/v2\/tags?post=49511"}],"curies":[{"name":"wp","href":"https:\/\/api.w.org\/{rel}","templated":true}]}}