{"id":49516,"date":"2019-07-31T10:05:21","date_gmt":"2019-07-31T14:05:21","guid":{"rendered":"https:\/\/linitiative.ca\/International\/aeroports-des-projets-denvergure-realises\/"},"modified":"2019-07-31T10:05:21","modified_gmt":"2019-07-31T14:05:21","slug":"aeroports-des-projets-denvergure-realises","status":"publish","type":"post","link":"https:\/\/linitiative.ca\/International\/aeroports-des-projets-denvergure-realises\/","title":{"rendered":"A\u00e9roports : Des projets d\u2019envergure r\u00e9alis\u00e9s"},"content":{"rendered":"<header>\n<\/header>\n<div class=\"entry-content clearfix\" readability=\"66\"><img decoding=\"async\" class=\"post_layout_5_img\" src=\"http:\/\/aujourdhui.ma\/wp-content\/uploads\/2017\/09\/aeroport-Marrakech-Menara.jpg?x29840\" alt=\"A\u00e9roports : Des projets d\u2019envergure r\u00e9alis\u00e9s\"\/><\/p>\n<p class=\"p1\"><span class=\"c4\"><strong>Les infrastructures se sont renforc\u00e9es avec le d\u00e9veloppement de plusieurs a\u00e9roports au niveau national. A\u00e9roport d\u2019Essaouira (mai 2010), Dakhla (d\u00e9cembre 2010), Oujda (d\u00e9cembre 2010), Al Hoceima (juin 2010), Rabat-Sal\u00e9 (janvier 2012), Beni Mellal (mai 2014) Marrakech M\u00e9nara (d\u00e9cembre 2016), F\u00e8s Saiss (mai 2017) et l\u2019a\u00e9roport Mohammed V (janvier 2018)\u2026<\/strong><\/span> <span id=\"more-316207\"\/><\/p>\n<p class=\"p1\">Autant de projets concr\u00e9tis\u00e9s et d\u2019autres sur les rails. 2018 a \u00e9t\u00e9 une ann\u00e9e remarquable en termes de nombre de passagers qui ont atteint 22.534.771 au niveau de l\u2019ensemble des a\u00e9roports du Maroc, enregistrant une hausse de 10,43% par rapport \u00e0 l\u2019ann\u00e9e 2017. Ainsi, les projets de r\u00e9am\u00e9nagement et d\u2019extension du b\u00e2timent existant du terminal 1 de l\u2019a\u00e9roport Mohammed V ont \u00e9t\u00e9 achev\u00e9s, avec la mise en place des \u00e9quipements conform\u00e9ment aux standards internationaux en mati\u00e8re de s\u00fbret\u00e9, s\u00e9curit\u00e9 et de qualit\u00e9 de service, pour un co\u00fbt \u00e9valu\u00e9 \u00e0 1.640 millions de dirhams.<\/p>\n<p class=\"p1\">Ce projet permettra d\u2019augmenter la capacit\u00e9 d\u2019accueil de l\u2019a\u00e9roport \u00e0 14 millions de passagers par an. L\u2019extension et le r\u00e9am\u00e9nagement de l\u2019a\u00e9rogare passagers \u00e0 l\u2019a\u00e9roport de Nador ont \u00e9galement \u00e9t\u00e9 achev\u00e9s pour un montant de 315,2 millions de dirhams. Autre fait marquant, l\u2019extension de l\u2019a\u00e9roport Marrakech-Menara en 2016 dont l\u2019objectif est de porter la capacit\u00e9 d\u2019accueil annuelle \u00e0 9 millions de passagers au lieu de 3 millions. Ce projet a n\u00e9cessit\u00e9 un investissement global de 1,22 milliard de dirhams.<\/p>\n<p class=\"p1\">Dans le m\u00eame sens, la construction d\u2019un nouveau terminal \u00e0 l\u2019a\u00e9roport Rabat-Sal\u00e9 a \u00e9t\u00e9 lanc\u00e9e pr\u00e9voyant ainsi de porter la capacit\u00e9 d\u2019accueil annuelle de l\u2019a\u00e9roport \u00e0 4 millions de passagers (contre 1,5 million actuellement).<\/p>\n<\/div>\n<p>Auteur: ALM<br \/>\n<a href=\"http:\/\/aujourdhui.ma\/economie\/aeroports-des-projets-denvergure-realises\">Cliquez ici pour lire l&rsquo;article depuis sa source.<\/a><\/p>\n","protected":false},"excerpt":{"rendered":"<p>Les infrastructures se sont renforc\u00e9es avec le d\u00e9veloppement de plusieurs a\u00e9roports au niveau national. A\u00e9roport d\u2019Essaouira (mai 2010), Dakhla (d\u00e9cembre 2010), Oujda (d\u00e9cembre 2010), Al Hoceima (juin 2010), Rabat-Sal\u00e9 (janvier 2012), Beni Mellal (mai 2014) Marrakech M\u00e9nara (d\u00e9cembre 2016), F\u00e8s Saiss (mai 2017) et l\u2019a\u00e9roport Mohammed V (janvier 2018)\u2026 Autant de projets concr\u00e9tis\u00e9s et d\u2019autres [&hellip;]<\/p>\n","protected":false},"author":1759,"featured_media":0,"comment_status":"closed","ping_status":"closed","sticky":false,"template":"","format":"standard","meta":{"fifu_image_url":"","fifu_image_alt":"","footnotes":""},"categories":[73,54],"tags":[],"class_list":["post-49516","post","type-post","status-publish","format-standard","hentry","category-actualite","category-maroc"],"_links":{"self":[{"href":"https:\/\/linitiative.ca\/International\/wp-json\/wp\/v2\/posts\/49516","targetHints":{"allow":["GET"]}}],"collection":[{"href":"https:\/\/linitiative.ca\/International\/wp-json\/wp\/v2\/posts"}],"about":[{"href":"https:\/\/linitiative.ca\/International\/wp-json\/wp\/v2\/types\/post"}],"author":[{"embeddable":true,"href":"https:\/\/linitiative.ca\/International\/wp-json\/wp\/v2\/users\/1759"}],"replies":[{"embeddable":true,"href":"https:\/\/linitiative.ca\/International\/wp-json\/wp\/v2\/comments?post=49516"}],"version-history":[{"count":0,"href":"https:\/\/linitiative.ca\/International\/wp-json\/wp\/v2\/posts\/49516\/revisions"}],"wp:attachment":[{"href":"https:\/\/linitiative.ca\/International\/wp-json\/wp\/v2\/media?parent=49516"}],"wp:term":[{"taxonomy":"category","embeddable":true,"href":"https:\/\/linitiative.ca\/International\/wp-json\/wp\/v2\/categories?post=49516"},{"taxonomy":"post_tag","embeddable":true,"href":"https:\/\/linitiative.ca\/International\/wp-json\/wp\/v2\/tags?post=49516"}],"curies":[{"name":"wp","href":"https:\/\/api.w.org\/{rel}","templated":true}]}}