{"id":50030,"date":"2019-08-03T11:45:20","date_gmt":"2019-08-03T15:45:20","guid":{"rendered":"https:\/\/linitiative.ca\/International\/le-tas-renvoie-le-dossier-aux-organes-competents-de-la-caf\/"},"modified":"2019-08-03T11:45:20","modified_gmt":"2019-08-03T15:45:20","slug":"le-tas-renvoie-le-dossier-aux-organes-competents-de-la-caf","status":"publish","type":"post","link":"https:\/\/linitiative.ca\/International\/le-tas-renvoie-le-dossier-aux-organes-competents-de-la-caf\/","title":{"rendered":"Le TAS renvoie le dossier aux organes comp\u00e9tents de la CAF"},"content":{"rendered":"<p class=\"c4\"><span class=\"c3\"><strong><span class=\"c2\">L<\/span>e Tribunal Arbitral du Sport (TAS) a d\u00e9clar\u00e9, mercredi, que le Comit\u00e9 Ex\u00e9cutif de la Conf\u00e9d\u00e9ration Africaine de Football (CAF) n\u2019\u00e9tait pas habilit\u00e9 \u00e0 se prononcer sur le sort du match \u00abretour\u00bb de la finale de la Ligue des Champions d\u2019Afrique de football 2018\/2019, renvoyant le dossier aux organes comp\u00e9tents de la CAF.<\/strong><\/span><\/p>\n<p class=\"c4\">Le Comit\u00e9 Ex\u00e9cutif de la CAF avait demand\u00e9 le 5 juin au Wydad de Casablanca (WAC) et \u00e0 l\u2019Esp\u00e9rance de Tunis (EST), de rejouer sur un terrain neutre le match retour de la finale de la Ligue des Champions d\u2019Afrique.<\/p>\n<p class=\"c4\">\u00ab\u00a0La Formation du TAS en charge de cette affaire a consid\u00e9r\u00e9 que le Comit\u00e9 Ex\u00e9cutif de la CAF n\u2019\u00e9tait pas comp\u00e9tent pour ordonner que la finale \u00abretour\u00bb soit rejou\u00e9e et a d\u00e9cid\u00e9 d\u2019annuler la d\u00e9cision attaqu\u00e9e\u00a0\u00bb, indique un communiqu\u00e9 du Tribunal arbitral du Sport, bas\u00e9 \u00e0 Lausanne.<\/p>\n<p class=\"c4\">\u00ab\u00a0Concr\u00e8tement, il appartient d\u00e9sormais aux organes comp\u00e9tents de la CAF de se pencher sur les incidents survenus dans le stade de Rad\u00e8s le 31 mai 2019, de prendre le cas \u00e9ch\u00e9ant toute sanction disciplinaire ad\u00e9quate, et, en cons\u00e9quence, de d\u00e9cider si le match \u00ab\u00a0retour\u00a0\u00bb de la Ligue des Champions CAF 2018\/19 doit \u00eatre rejou\u00e9 ou non\u00a0\u00bb, pr\u00e9cise le TAS.<\/p>\n<p class=\"c4\">La Formation du TAS ayant annul\u00e9 la d\u00e9cision du Comit\u00e9 Ex\u00e9cutif de la CAF pour des raisons formelles, a d\u00e9cid\u00e9 de renvoyer aux organes comp\u00e9tents de la CAF les questions de la r\u00e9p\u00e9tition du match \u00abretour\u00bb de la finale et de la proc\u00e9dure disciplinaire actuellement en cours devant la CAF, cette derni\u00e8re n\u2019\u00e9tant pas de la comp\u00e9tence du TAS dans le cadre de la pr\u00e9sente proc\u00e9dure d\u2019arbitrage, fait observer le communiqu\u00e9.<\/p>\n<p class=\"c4\">La Formation du TAS continuera ses d\u00e9lib\u00e9rations relatives aux requ\u00eates de l\u2019EST et pr\u00e9parera une sentence finale, tout en tenant compte de toute d\u00e9cision \u00e9ventuelle prise par la CAF dans cet intervalle, ajoute le communiqu\u00e9.<\/p>\n<p class=\"c4\">Le match sera rejou\u00e9 apr\u00e8s la Coupe d\u2019Afrique des Nations (CAN) sur un terrain hors la Tunisie, avait indiqu\u00e9 \u00e0 la presse le conseiller du pr\u00e9sident de la CAF, H\u00e9di Hamel, en pr\u00e9cisant que l\u2019EST devra restituer le Troph\u00e9e et les m\u00e9dailles qui lui ont \u00e9t\u00e9 remis.<\/p>\n<p class=\"c4\">Disput\u00e9e au stade olympique de Rad\u00e8s (banlieue de Tunis), cette finale avait connu une fin chaotique suite \u00e0 l\u2019injustice dont l\u2019arbitre de la rencontre, le Gambien Bakary Gassama, s\u2019est rendu coupable en refusant d\u2019accorder le but \u00e9galisateur du WAC inscrit par Walid Karti \u00e0 la 59\u00e8me minute pour un suppos\u00e9 hors-jeu sans qu\u2019il y ait possibilit\u00e9 de recourir \u00e0 la VAR d\u00e9faillante pour en confirmer la parfaite r\u00e9gularit\u00e9. Le WAC, qui avait conc\u00e9d\u00e9 le nul lors de la finale \u00aballer\u00bb (1-1) disput\u00e9e \u00e0 Rabat, \u00e9tait alors men\u00e9 au score (1-0) suite \u00e0 un but marqu\u00e9 \u00e0 la 41\u00e8me minute par Youssef Belaili. Apr\u00e8s une longue interruption, le r\u00e9f\u00e9r\u00e9 a jug\u00e9 que l\u2019EST est proclam\u00e9e vainqueur. Une r\u00e9union d\u2019urgence a \u00e9t\u00e9 par la suite convoqu\u00e9e par le pr\u00e9sident de la CAF, Ahmad Ahmad, \u00abpour d\u00e9battre des issues r\u00e9glementaires \u00e0 r\u00e9server \u00e0 cette rencontre\u00bb.<\/p>\n<p class=\"c4\">Le 5 juin, la Conf\u00e9d\u00e9ration africaine de football avait d\u00e9cid\u00e9, au terme d\u2019une r\u00e9union d\u2019urgence de son comit\u00e9 ex\u00e9cutif \u00e0 Paris, de faire rejouer le match entre le WAC de Casablanca et l\u2019Esp\u00e9rance de Tunis comptant pour la finale\u00a0\u00abretour\u00bb de la Ligue des Champions d\u2019Afrique.<\/p>\n<p>Auteur: M&rsquo;hammed rahal<br \/>\n<a href=\"http:\/\/albayane.press.ma\/le-tas-renvoie-le-dossier-aux-organes-competents-de-la-caf.html\">Cliquez ici pour lire l&rsquo;article depuis sa source.<\/a><\/p>\n","protected":false},"excerpt":{"rendered":"<p>Le Tribunal Arbitral du Sport (TAS) a d\u00e9clar\u00e9, mercredi, que le Comit\u00e9 Ex\u00e9cutif de la Conf\u00e9d\u00e9ration Africaine de Football (CAF) n\u2019\u00e9tait pas habilit\u00e9 \u00e0 se prononcer sur le sort du match \u00abretour\u00bb de la finale de la Ligue des Champions d\u2019Afrique de football 2018\/2019, renvoyant le dossier aux organes comp\u00e9tents de la CAF. Le Comit\u00e9 [&hellip;]<\/p>\n","protected":false},"author":1760,"featured_media":0,"comment_status":"closed","ping_status":"closed","sticky":false,"template":"","format":"standard","meta":{"fifu_image_url":"","fifu_image_alt":"","footnotes":""},"categories":[73,54],"tags":[],"class_list":["post-50030","post","type-post","status-publish","format-standard","hentry","category-actualite","category-maroc"],"_links":{"self":[{"href":"https:\/\/linitiative.ca\/International\/wp-json\/wp\/v2\/posts\/50030","targetHints":{"allow":["GET"]}}],"collection":[{"href":"https:\/\/linitiative.ca\/International\/wp-json\/wp\/v2\/posts"}],"about":[{"href":"https:\/\/linitiative.ca\/International\/wp-json\/wp\/v2\/types\/post"}],"author":[{"embeddable":true,"href":"https:\/\/linitiative.ca\/International\/wp-json\/wp\/v2\/users\/1760"}],"replies":[{"embeddable":true,"href":"https:\/\/linitiative.ca\/International\/wp-json\/wp\/v2\/comments?post=50030"}],"version-history":[{"count":0,"href":"https:\/\/linitiative.ca\/International\/wp-json\/wp\/v2\/posts\/50030\/revisions"}],"wp:attachment":[{"href":"https:\/\/linitiative.ca\/International\/wp-json\/wp\/v2\/media?parent=50030"}],"wp:term":[{"taxonomy":"category","embeddable":true,"href":"https:\/\/linitiative.ca\/International\/wp-json\/wp\/v2\/categories?post=50030"},{"taxonomy":"post_tag","embeddable":true,"href":"https:\/\/linitiative.ca\/International\/wp-json\/wp\/v2\/tags?post=50030"}],"curies":[{"name":"wp","href":"https:\/\/api.w.org\/{rel}","templated":true}]}}