{"id":50031,"date":"2019-08-03T11:46:19","date_gmt":"2019-08-03T15:46:19","guid":{"rendered":"https:\/\/linitiative.ca\/International\/labyssale-symbolique-dibn-batouta\/"},"modified":"2019-08-03T11:46:19","modified_gmt":"2019-08-03T15:46:19","slug":"labyssale-symbolique-dibn-batouta","status":"publish","type":"post","link":"https:\/\/linitiative.ca\/International\/labyssale-symbolique-dibn-batouta\/","title":{"rendered":"L\u2019abyssale symbolique d\u2019Ibn Batouta!"},"content":{"rendered":"<p class=\"c4\"><span class=\"c3\"><strong>\u00ab<span class=\"c2\">L<\/span>e l\u00e9gendaire globe-trotter Ibn Batouta jette l\u2019ancre dans le quai de l\u2019une des plus belles baies\u00a0 du monde\u00bb.<\/strong><\/span><\/p>\n<p class=\"c4\">La capitale du Souss s\u2019\u00e9tait faite un immense plaisir d\u2019accueillir dans ses ailes une premi\u00e8re des\u00a0 annales de l\u2019exposition plastique coll\u00e9giale, se r\u00e9f\u00e9rant aux fameuses exp\u00e9ditions\u00a0 de l\u2019explorateur de la cit\u00e9 du d\u00e9troit. Apr\u00e8s les haltes artistiques de l\u2019Egypte, d\u2019Autriche et de Roumanie, cette exp\u00e9rience plan\u00e9taire accoste alors \u00e0 Agadir pour y exposer des \u0153uvres de haute port\u00e9e humaniste, enfant\u00e9es par divers plasticiens de plusieurs coins du globe d\u2019Afrique, d\u2019Europe, d\u2019Asie et d\u2019Afrique.<\/p>\n<p class=\"c4\">De par\u00a0 la th\u00e9matique des cavalcades r\u00eaveuses d\u2019Ibn Batouta dans le monde, ces messagers multinationaux incarnent les valeurs de la paix et de la b\u00e9atitude. C\u2019est une vingtaine d\u2019artistes qui concr\u00e9tise, en fait, l\u2019id\u00e9e ing\u00e9nieuse du c\u00e9l\u00e8bre voyageur maghr\u00e9bin, de Tanger, \u00e0 l\u2019archipel arabe, au moyen orient, l\u2019Inde, la Chine\u2026, pour une croisade de plus de vingt ann\u00e9es.<\/p>\n<p class=\"c4\">Plusieurs artistes enthousiastes par rapport \u00e0 cet \u00e9v\u00e8nement. Ils sont vingt plasticiens \u00e0 tenter cette aventure imbue de nobles enseignements et \u00e0 agr\u00e9menter l\u2019enceinte du mus\u00e9e du patrimoine Amazigh du 16 juillet au 30 ao\u00fbt. Sur le passage anim\u00e9 d\u2019Ait Souss, menant au centre ville et \u00e0 la corniche, les estivants parmi les r\u00e9sidents et les visiteurs, auront \u00e0 savourer ces sublimes toiles de l\u2019art\u00a0 contemporain,\u00a0 amoureusement tiss\u00e9s par des \u00e9gyptiens Mohamed Abla, Ahmed Sakr, Omar Fayoumi, Lina Oussama, Souss Abderrassoul, Abdeslam Salem, des marocains, Abdelaziz Lourhraz, Brahim Achibane, Saad Raiss, des autrichiens, Reinete Kouih\u00e9ber, Mikel Heindel, Piat Liter, Nicholas Dilamartina, des roumains, Yulia Markov, Adriana Balwa, ainsi que l\u2019\u00e9crivaine historienne am\u00e9ricaine Alex Deka Sigerman et l\u2019italien Konstantinmilio Renie, le soudanais, Salah More et la tunisienne Leila Sahli.<\/p>\n<p class=\"c4\">Il convient de souligner \u00e9galement que cette exposition s\u2019est diversifi\u00e9e \u00e0 tous les go\u00fbts du grand public. C\u2019est ainsi qu\u2019on peut y trouver une diversit\u00e9 artistique\u00a0: l\u2019art photographique, de la chor\u00e9graphie, du dessein plastique\u2026 Ce qui permet de donner \u00e0 toutes ces \u00e9bauches une particularit\u00e9 distinctive et attractive, contribuant de ce fait vivement\u00a0 \u00e0 l\u2019ornement de l\u2019espace et scellant une diversit\u00e9 artistique notoire \u00e0 cet \u00e9talage itin\u00e9rant, dont l\u2019id\u00e9e est inspir\u00e9e de l\u2019\u00e9pop\u00e9e d\u2019Ibn Batouta, de l\u2019unification de la vie des arts\u00a0 visuels en \u00c9gypte.<\/p>\n<p class=\"c4\">Par ailleurs, notons que \u00a0depuis le vernissage, l\u2019exposition n\u2019a cess\u00e9 de recevoir des visites quotidiennes de la part aussi bien de nationaux que de touristes afin de contempler et d\u2019admirer les voyages de l\u2019art pluriel dans les multiples techniques et formes artistiques. On retiendra enfin ce message lanc\u00e9 lors de la c\u00e9r\u00e9monie du coup d\u2019envoi de cette exposition conviviale. En effet, l\u2019inspiration incitatrice d\u2019Ibn Batouta aura conduit sans doute \u00e0 la d\u00e9molition des fronti\u00e8res entre nations.<\/p>\n<p class=\"c5\"><strong>Saoudi El Amalki<\/strong><\/p>\n<p>Auteur: M&rsquo;hammed rahal<br \/>\n<a href=\"http:\/\/albayane.press.ma\/labyssale-symbolique-dibn-batouta.html\">Cliquez ici pour lire l&rsquo;article depuis sa source.<\/a><\/p>\n","protected":false},"excerpt":{"rendered":"<p>\u00abLe l\u00e9gendaire globe-trotter Ibn Batouta jette l\u2019ancre dans le quai de l\u2019une des plus belles baies\u00a0 du monde\u00bb. La capitale du Souss s\u2019\u00e9tait faite un immense plaisir d\u2019accueillir dans ses ailes une premi\u00e8re des\u00a0 annales de l\u2019exposition plastique coll\u00e9giale, se r\u00e9f\u00e9rant aux fameuses exp\u00e9ditions\u00a0 de l\u2019explorateur de la cit\u00e9 du d\u00e9troit. Apr\u00e8s les haltes artistiques [&hellip;]<\/p>\n","protected":false},"author":1760,"featured_media":0,"comment_status":"closed","ping_status":"closed","sticky":false,"template":"","format":"standard","meta":{"fifu_image_url":"","fifu_image_alt":"","footnotes":""},"categories":[73,54],"tags":[],"class_list":["post-50031","post","type-post","status-publish","format-standard","hentry","category-actualite","category-maroc"],"_links":{"self":[{"href":"https:\/\/linitiative.ca\/International\/wp-json\/wp\/v2\/posts\/50031","targetHints":{"allow":["GET"]}}],"collection":[{"href":"https:\/\/linitiative.ca\/International\/wp-json\/wp\/v2\/posts"}],"about":[{"href":"https:\/\/linitiative.ca\/International\/wp-json\/wp\/v2\/types\/post"}],"author":[{"embeddable":true,"href":"https:\/\/linitiative.ca\/International\/wp-json\/wp\/v2\/users\/1760"}],"replies":[{"embeddable":true,"href":"https:\/\/linitiative.ca\/International\/wp-json\/wp\/v2\/comments?post=50031"}],"version-history":[{"count":0,"href":"https:\/\/linitiative.ca\/International\/wp-json\/wp\/v2\/posts\/50031\/revisions"}],"wp:attachment":[{"href":"https:\/\/linitiative.ca\/International\/wp-json\/wp\/v2\/media?parent=50031"}],"wp:term":[{"taxonomy":"category","embeddable":true,"href":"https:\/\/linitiative.ca\/International\/wp-json\/wp\/v2\/categories?post=50031"},{"taxonomy":"post_tag","embeddable":true,"href":"https:\/\/linitiative.ca\/International\/wp-json\/wp\/v2\/tags?post=50031"}],"curies":[{"name":"wp","href":"https:\/\/api.w.org\/{rel}","templated":true}]}}