{"id":50039,"date":"2019-08-03T06:00:00","date_gmt":"2019-08-03T10:00:00","guid":{"rendered":"https:\/\/linitiative.ca\/International\/chute-du-nombre-de-participants\/"},"modified":"2019-08-03T06:00:00","modified_gmt":"2019-08-03T10:00:00","slug":"chute-du-nombre-de-participants","status":"publish","type":"post","link":"https:\/\/linitiative.ca\/International\/chute-du-nombre-de-participants\/","title":{"rendered":"Chute du nombre de participants"},"content":{"rendered":"<div id=\"originalText\" readability=\"46\">\n<p>Alors qu\u2019il \u00e9tait de 101 participants durant la 6e \u00e9dition de l\u2019ann\u00e9e pass\u00e9e, le nombre de villages inscrits cette ann\u00e9e au concours A\u00efssat-Rabah pour le village le plus propre, qu\u2019organise l\u2019APW de Tizi Ouzou, est de seulement 57, a d\u00e9clar\u00e9 sur les ondes de la radio locale, le pr\u00e9sident de la commission de l&rsquo;environnement \u00e0 l\u2019APW, Dr Sid Ali Youcef. Cependant, la m\u00eame source a affirm\u00e9 qu\u2019une\u00a0 comp\u00e9tition \u201cbest-off\u201d de la propret\u00e9, entre les villages laur\u00e9ats des pr\u00e9c\u00e9dentes \u00e9ditions, est pr\u00e9vue lors de cette 7e \u00e9dition, et ce, afin de les encourager \u00e0 perp\u00e9tuer cette tradition du village le plus propre.\u00a0\u00a0<\/p>\n<\/div>\n<div id=\"text_core\" readability=\"46\">\n<p>Alors qu\u2019il \u00e9tait de 101 participants durant la 6e \u00e9dition de l\u2019ann\u00e9e pass\u00e9e, le nombre de villages inscrits cette ann\u00e9e au concours A\u00efssat-Rabah pour le village le plus propre, qu\u2019organise l\u2019APW de Tizi Ouzou, est de seulement 57, a d\u00e9clar\u00e9 sur les ondes de la radio locale, le pr\u00e9sident de la commission de l&rsquo;environnement \u00e0 l\u2019APW, Dr Sid Ali Youcef. Cependant, la m\u00eame source a affirm\u00e9 qu\u2019une\u00a0 comp\u00e9tition \u201cbest-off\u201d de la propret\u00e9, entre les villages laur\u00e9ats des pr\u00e9c\u00e9dentes \u00e9ditions, est pr\u00e9vue lors de cette 7e \u00e9dition, et ce, afin de les encourager \u00e0 perp\u00e9tuer cette tradition du village le plus propre.\u00a0\u00a0<\/p>\n<\/div>\n<p>Auteur:<br \/>\n<a href=\"https:\/\/www.liberte-algerie.com\/radar\/chute-du-nombre-de-participants-321151\">Cliquez ici pour lire l&rsquo;article depuis sa source.<\/a><\/p>\n","protected":false},"excerpt":{"rendered":"<p>Alors qu\u2019il \u00e9tait de 101 participants durant la 6e \u00e9dition de l\u2019ann\u00e9e pass\u00e9e, le nombre de villages inscrits cette ann\u00e9e au concours A\u00efssat-Rabah pour le village le plus propre, qu\u2019organise l\u2019APW de Tizi Ouzou, est de seulement 57, a d\u00e9clar\u00e9 sur les ondes de la radio locale, le pr\u00e9sident de la commission de l&rsquo;environnement \u00e0 [&hellip;]<\/p>\n","protected":false},"author":1742,"featured_media":0,"comment_status":"closed","ping_status":"closed","sticky":false,"template":"","format":"standard","meta":{"fifu_image_url":"","fifu_image_alt":"","footnotes":""},"categories":[73,53],"tags":[],"class_list":["post-50039","post","type-post","status-publish","format-standard","hentry","category-actualite","category-algerie"],"_links":{"self":[{"href":"https:\/\/linitiative.ca\/International\/wp-json\/wp\/v2\/posts\/50039","targetHints":{"allow":["GET"]}}],"collection":[{"href":"https:\/\/linitiative.ca\/International\/wp-json\/wp\/v2\/posts"}],"about":[{"href":"https:\/\/linitiative.ca\/International\/wp-json\/wp\/v2\/types\/post"}],"author":[{"embeddable":true,"href":"https:\/\/linitiative.ca\/International\/wp-json\/wp\/v2\/users\/1742"}],"replies":[{"embeddable":true,"href":"https:\/\/linitiative.ca\/International\/wp-json\/wp\/v2\/comments?post=50039"}],"version-history":[{"count":0,"href":"https:\/\/linitiative.ca\/International\/wp-json\/wp\/v2\/posts\/50039\/revisions"}],"wp:attachment":[{"href":"https:\/\/linitiative.ca\/International\/wp-json\/wp\/v2\/media?parent=50039"}],"wp:term":[{"taxonomy":"category","embeddable":true,"href":"https:\/\/linitiative.ca\/International\/wp-json\/wp\/v2\/categories?post=50039"},{"taxonomy":"post_tag","embeddable":true,"href":"https:\/\/linitiative.ca\/International\/wp-json\/wp\/v2\/tags?post=50039"}],"curies":[{"name":"wp","href":"https:\/\/api.w.org\/{rel}","templated":true}]}}