{"id":50040,"date":"2019-08-03T06:00:00","date_gmt":"2019-08-03T10:00:00","guid":{"rendered":"https:\/\/linitiative.ca\/International\/vu-a-tamanrasset\/"},"modified":"2019-08-03T06:00:00","modified_gmt":"2019-08-03T10:00:00","slug":"vu-a-tamanrasset","status":"publish","type":"post","link":"https:\/\/linitiative.ca\/International\/vu-a-tamanrasset\/","title":{"rendered":"Vu \u00e0 Tamanrasset"},"content":{"rendered":"<div id=\"originalText\" readability=\"35\">\n<p>La crise du carburant se fait de plus en plus sentir dans le grand Sud.<br \/>\u00c0 Tamanrasset, d\u00e8s le lever du jour, de longues files se forment au niveau des pompes \u00e0 essence.\u00a0<\/p>\n<\/div>\n<div id=\"text_core\" readability=\"35\">\n<p>La crise du carburant se fait de plus en plus sentir dans le grand Sud.<br \/>\u00c0 Tamanrasset, d\u00e8s le lever du jour, de longues files se forment au niveau des pompes \u00e0 essence.\u00a0<\/p>\n<\/div>\n<p>Auteur:<br \/>\n<a href=\"https:\/\/www.liberte-algerie.com\/radar\/vu-a-tamanrasset-321150\">Cliquez ici pour lire l&rsquo;article depuis sa source.<\/a><\/p>\n","protected":false},"excerpt":{"rendered":"<p>La crise du carburant se fait de plus en plus sentir dans le grand Sud.\u00c0 Tamanrasset, d\u00e8s le lever du jour, de longues files se forment au niveau des pompes \u00e0 essence.\u00a0 La crise du carburant se fait de plus en plus sentir dans le grand Sud.\u00c0 Tamanrasset, d\u00e8s le lever du jour, de longues [&hellip;]<\/p>\n","protected":false},"author":1742,"featured_media":0,"comment_status":"closed","ping_status":"closed","sticky":false,"template":"","format":"standard","meta":{"fifu_image_url":"","fifu_image_alt":"","footnotes":""},"categories":[73,53],"tags":[],"class_list":["post-50040","post","type-post","status-publish","format-standard","hentry","category-actualite","category-algerie"],"_links":{"self":[{"href":"https:\/\/linitiative.ca\/International\/wp-json\/wp\/v2\/posts\/50040","targetHints":{"allow":["GET"]}}],"collection":[{"href":"https:\/\/linitiative.ca\/International\/wp-json\/wp\/v2\/posts"}],"about":[{"href":"https:\/\/linitiative.ca\/International\/wp-json\/wp\/v2\/types\/post"}],"author":[{"embeddable":true,"href":"https:\/\/linitiative.ca\/International\/wp-json\/wp\/v2\/users\/1742"}],"replies":[{"embeddable":true,"href":"https:\/\/linitiative.ca\/International\/wp-json\/wp\/v2\/comments?post=50040"}],"version-history":[{"count":0,"href":"https:\/\/linitiative.ca\/International\/wp-json\/wp\/v2\/posts\/50040\/revisions"}],"wp:attachment":[{"href":"https:\/\/linitiative.ca\/International\/wp-json\/wp\/v2\/media?parent=50040"}],"wp:term":[{"taxonomy":"category","embeddable":true,"href":"https:\/\/linitiative.ca\/International\/wp-json\/wp\/v2\/categories?post=50040"},{"taxonomy":"post_tag","embeddable":true,"href":"https:\/\/linitiative.ca\/International\/wp-json\/wp\/v2\/tags?post=50040"}],"curies":[{"name":"wp","href":"https:\/\/api.w.org\/{rel}","templated":true}]}}