{"id":50041,"date":"2019-08-03T06:00:00","date_gmt":"2019-08-03T10:00:00","guid":{"rendered":"https:\/\/linitiative.ca\/International\/des-drones-pour-sanctionner-les-conducteurs-imprudents\/"},"modified":"2019-08-03T06:00:00","modified_gmt":"2019-08-03T10:00:00","slug":"des-drones-pour-sanctionner-les-conducteurs-imprudents","status":"publish","type":"post","link":"https:\/\/linitiative.ca\/International\/des-drones-pour-sanctionner-les-conducteurs-imprudents\/","title":{"rendered":"Des drones pour sanctionner les conducteurs imprudents"},"content":{"rendered":"<div id=\"originalText\" readability=\"42\">\n<p>Des amendes vont tomber du ciel : l&rsquo;Espagne\u00a0 a commenc\u00e9, jeudi, \u00e0 utiliser des drones pour sanctionner les infractions au code de la route. Trois drones \u00e9quip\u00e9s d&rsquo;une cam\u00e9ra haute r\u00e9solution survoleront les routes pour d\u00e9tecter les comportements dangereux, d&rsquo;abord aux \u00eeles Canaries avant d&rsquo;\u00eatre d\u00e9ploy\u00e9s dans le reste du pays. Les autorit\u00e9s pr\u00e9voient d&rsquo;en commander 20 suppl\u00e9mentaires. L&rsquo;Espagne utilisait d\u00e9j\u00e0 11 drones pour surveiller la circulation, mais c&rsquo;est la premi\u00e8re fois que ces machines sont utilis\u00e9es pour infliger des contraventions. Les drones, d\u00e9j\u00e0 utilis\u00e9s \u00e0 des fins de s\u00e9curit\u00e9 routi\u00e8re dans plusieurs\u00a0 villes chinoises notamment, commencent juste \u00e0 l&rsquo;\u00eatre en Europe, avec des exp\u00e9rimentations en France et au Royaume-Uni.\u00a0<\/p>\n<\/div>\n<div id=\"text_core\" readability=\"42\">\n<p>Des amendes vont tomber du ciel : l&rsquo;Espagne\u00a0 a commenc\u00e9, jeudi, \u00e0 utiliser des drones pour sanctionner les infractions au code de la route. Trois drones \u00e9quip\u00e9s d&rsquo;une cam\u00e9ra haute r\u00e9solution survoleront les routes pour d\u00e9tecter les comportements dangereux, d&rsquo;abord aux \u00eeles Canaries avant d&rsquo;\u00eatre d\u00e9ploy\u00e9s dans le reste du pays. Les autorit\u00e9s pr\u00e9voient d&rsquo;en commander 20 suppl\u00e9mentaires. L&rsquo;Espagne utilisait d\u00e9j\u00e0 11 drones pour surveiller la circulation, mais c&rsquo;est la premi\u00e8re fois que ces machines sont utilis\u00e9es pour infliger des contraventions. Les drones, d\u00e9j\u00e0 utilis\u00e9s \u00e0 des fins de s\u00e9curit\u00e9 routi\u00e8re dans plusieurs\u00a0 villes chinoises notamment, commencent juste \u00e0 l&rsquo;\u00eatre en Europe, avec des exp\u00e9rimentations en France et au Royaume-Uni.\u00a0<\/p>\n<\/div>\n<p>Auteur:<br \/>\n<a href=\"https:\/\/www.liberte-algerie.com\/radar\/des-drones-pour-sanctionner-les-conducteurs-imprudents-321149\">Cliquez ici pour lire l&rsquo;article depuis sa source.<\/a><\/p>\n","protected":false},"excerpt":{"rendered":"<p>Des amendes vont tomber du ciel : l&rsquo;Espagne\u00a0 a commenc\u00e9, jeudi, \u00e0 utiliser des drones pour sanctionner les infractions au code de la route. Trois drones \u00e9quip\u00e9s d&rsquo;une cam\u00e9ra haute r\u00e9solution survoleront les routes pour d\u00e9tecter les comportements dangereux, d&rsquo;abord aux \u00eeles Canaries avant d&rsquo;\u00eatre d\u00e9ploy\u00e9s dans le reste du pays. Les autorit\u00e9s pr\u00e9voient d&rsquo;en [&hellip;]<\/p>\n","protected":false},"author":1742,"featured_media":0,"comment_status":"closed","ping_status":"closed","sticky":false,"template":"","format":"standard","meta":{"fifu_image_url":"","fifu_image_alt":"","footnotes":""},"categories":[73,53],"tags":[],"class_list":["post-50041","post","type-post","status-publish","format-standard","hentry","category-actualite","category-algerie"],"_links":{"self":[{"href":"https:\/\/linitiative.ca\/International\/wp-json\/wp\/v2\/posts\/50041","targetHints":{"allow":["GET"]}}],"collection":[{"href":"https:\/\/linitiative.ca\/International\/wp-json\/wp\/v2\/posts"}],"about":[{"href":"https:\/\/linitiative.ca\/International\/wp-json\/wp\/v2\/types\/post"}],"author":[{"embeddable":true,"href":"https:\/\/linitiative.ca\/International\/wp-json\/wp\/v2\/users\/1742"}],"replies":[{"embeddable":true,"href":"https:\/\/linitiative.ca\/International\/wp-json\/wp\/v2\/comments?post=50041"}],"version-history":[{"count":0,"href":"https:\/\/linitiative.ca\/International\/wp-json\/wp\/v2\/posts\/50041\/revisions"}],"wp:attachment":[{"href":"https:\/\/linitiative.ca\/International\/wp-json\/wp\/v2\/media?parent=50041"}],"wp:term":[{"taxonomy":"category","embeddable":true,"href":"https:\/\/linitiative.ca\/International\/wp-json\/wp\/v2\/categories?post=50041"},{"taxonomy":"post_tag","embeddable":true,"href":"https:\/\/linitiative.ca\/International\/wp-json\/wp\/v2\/tags?post=50041"}],"curies":[{"name":"wp","href":"https:\/\/api.w.org\/{rel}","templated":true}]}}