{"id":50050,"date":"2019-08-03T09:56:12","date_gmt":"2019-08-03T13:56:12","guid":{"rendered":"https:\/\/linitiative.ca\/International\/une-mission-daccompagnement-depechee-a-lhopital-specialise-mere-enfant-de-msila\/"},"modified":"2019-08-03T09:56:12","modified_gmt":"2019-08-03T13:56:12","slug":"une-mission-daccompagnement-depechee-a-lhopital-specialise-mere-enfant-de-msila","status":"publish","type":"post","link":"https:\/\/linitiative.ca\/International\/une-mission-daccompagnement-depechee-a-lhopital-specialise-mere-enfant-de-msila\/","title":{"rendered":"Une mission d&rsquo;accompagnement d\u00e9p\u00each\u00e9e \u00e0 l\u2019h\u00f4pital sp\u00e9cialis\u00e9 m\u00e8re-enfant de M&rsquo;Sila"},"content":{"rendered":"<div>\n<div class=\"K2FeedImage\"><img decoding=\"async\" src=\"http:\/\/www.aps.dz\/media\/k2\/items\/cache\/4c53dba983de510ea3cf84924635dce1_S.jpg\" alt=\"Une mission d'accompagnement d\u00e9p\u00each\u00e9e \u00e0 l\u2019h\u00f4pital sp\u00e9cialis\u00e9 m\u00e8re-enfant de M'Sila\"><\/div>\n<div class=\"K2FeedIntroText\">\n<p><strong>ALGER- Une mission d&rsquo;accompagnement se trouve depuis jeudi au sein de l&rsquo;Etablissement hospitalier sp\u00e9cialis\u00e9 m\u00e8re-enfant de M&rsquo;Sila, dans le cadre de la prise en charge de la femme gestante au niveau de cette wilaya, indique samedi un communiqu\u00e9 du minist\u00e8re de la Sant\u00e9, de la Population et de la R\u00e9forme hospitali\u00e8re.<\/strong><\/p>\n<\/div>\n<div class=\"K2FeedFullText\">\n<p>Pr\u00e9vue pour \u00ab\u00a0plusieurs jours\u00a0\u00bb, cette mission est \u00ab\u00a0assur\u00e9e par le professeur chef de service gyn\u00e9co-obst\u00e9trique du CHU de Blida et son \u00e9quipe, ainsi que le chef de service de gyn\u00e9co-obst\u00e9trique du CHU de S\u00e9tif\u00a0\u00bb, pr\u00e9cise le communiqu\u00e9.<\/p>\n<p>Elle permettra de \u00ab\u00a0faire un audit pr\u00e9cis relatif aux insuffisances de cet \u00e9tablissement, de proposer et mettre en place un dispositif afin d&rsquo;am\u00e9liorer son organisation et renforcer la coordination avec les autres \u00e9tablissements de la wilaya qui prennent en charge la femme gestante, ainsi qu&rsquo;avec le CHU de S\u00e9tif pour la prise en charge des femmes \u00e0 haut risque, ce qui permettra de renforcer le r\u00e9seau de prise en charge de la femme gestante au niveau local et r\u00e9gional\u00a0\u00bb.<\/p>\n<p>Cette mission \u00ab\u00a0sera suivie par d&rsquo;autres missions d&rsquo;audit et d&rsquo;accompagnement par les \u00e9quipes des centres hospitaliers de Blida et de S\u00e9tif, afin d&rsquo;\u00e9valuer l&rsquo;\u00e9tat de mise en \u0153uvre et renforcer la mise en application d&rsquo;un r\u00e9seau efficace de prise en charge de la femme gestante au niveau de la wilaya de M&rsquo;Sila\u00a0\u00bb, souligne la m\u00eame source.<\/p>\n<\/div>\n<\/div>\n<p>Auteur:<br \/>\n<a href=\"http:\/\/www.aps.dz\/regions\/92837-une-mission-d-accompagnement-depechee-a-l-hopital-specialise-mere-enfant-de-m-sila\">Cliquez ici pour lire l&rsquo;article depuis sa source.<\/a><\/p>\n","protected":false},"excerpt":{"rendered":"<p>ALGER- Une mission d&rsquo;accompagnement se trouve depuis jeudi au sein de l&rsquo;Etablissement hospitalier sp\u00e9cialis\u00e9 m\u00e8re-enfant de M&rsquo;Sila, dans le cadre de la prise en charge de la femme gestante au niveau de cette wilaya, indique samedi un communiqu\u00e9 du minist\u00e8re de la Sant\u00e9, de la Population et de la R\u00e9forme hospitali\u00e8re. Pr\u00e9vue pour \u00ab\u00a0plusieurs jours\u00a0\u00bb, [&hellip;]<\/p>\n","protected":false},"author":1790,"featured_media":50051,"comment_status":"closed","ping_status":"closed","sticky":false,"template":"","format":"standard","meta":{"fifu_image_url":"","fifu_image_alt":"","footnotes":""},"categories":[53,76],"tags":[],"class_list":["post-50050","post","type-post","status-publish","format-standard","has-post-thumbnail","hentry","category-algerie","category-regions"],"_links":{"self":[{"href":"https:\/\/linitiative.ca\/International\/wp-json\/wp\/v2\/posts\/50050","targetHints":{"allow":["GET"]}}],"collection":[{"href":"https:\/\/linitiative.ca\/International\/wp-json\/wp\/v2\/posts"}],"about":[{"href":"https:\/\/linitiative.ca\/International\/wp-json\/wp\/v2\/types\/post"}],"author":[{"embeddable":true,"href":"https:\/\/linitiative.ca\/International\/wp-json\/wp\/v2\/users\/1790"}],"replies":[{"embeddable":true,"href":"https:\/\/linitiative.ca\/International\/wp-json\/wp\/v2\/comments?post=50050"}],"version-history":[{"count":0,"href":"https:\/\/linitiative.ca\/International\/wp-json\/wp\/v2\/posts\/50050\/revisions"}],"wp:featuredmedia":[{"embeddable":true,"href":"https:\/\/linitiative.ca\/International\/wp-json\/"}],"wp:attachment":[{"href":"https:\/\/linitiative.ca\/International\/wp-json\/wp\/v2\/media?parent=50050"}],"wp:term":[{"taxonomy":"category","embeddable":true,"href":"https:\/\/linitiative.ca\/International\/wp-json\/wp\/v2\/categories?post=50050"},{"taxonomy":"post_tag","embeddable":true,"href":"https:\/\/linitiative.ca\/International\/wp-json\/wp\/v2\/tags?post=50050"}],"curies":[{"name":"wp","href":"https:\/\/api.w.org\/{rel}","templated":true}]}}