{"id":50112,"date":"2019-08-03T07:11:00","date_gmt":"2019-08-03T11:11:00","guid":{"rendered":"https:\/\/linitiative.ca\/International\/youssef-ouhiba-premier-chiffreur-diplomatique-tunisien-decore-une-specialite-essentielle\/"},"modified":"2019-08-03T07:11:00","modified_gmt":"2019-08-03T11:11:00","slug":"youssef-ouhiba-premier-chiffreur-diplomatique-tunisien-decore-une-specialite-essentielle","status":"publish","type":"post","link":"https:\/\/linitiative.ca\/International\/youssef-ouhiba-premier-chiffreur-diplomatique-tunisien-decore-une-specialite-essentielle\/","title":{"rendered":"Youssef Ouhiba, premier chiffreur diplomatique tunisien d\u00e9cor\u00e9, une sp\u00e9cialit\u00e9 essentielle"},"content":{"rendered":"<p>D\u00e9cid\u00e9ment, depuis l\u00e0 o\u00f9 il se trouve, le pr\u00e9sident B\u00e9ji Ca\u00efd Essebsi ne cesse de nous surprendre. La liste des diplomates tunisiens qui devaient recevoir de ses mains leur d\u00e9coration des insignes de l\u2019Ordre du M\u00e9rite national a compris pour la premi\u00e8re fois, un chiffreur diplomatique\u00a0: Youssef Ouhiba. Inspecteur central, il appartient \u00e0 ce corps essentiel qui est investi de missions des plus d\u00e9licates, assurant les transmissions entre Tunis et l\u2019ensemble des postes diplomatiques. Mais aussi, int\u00e9grant les syst\u00e8mes de cryptage-d\u00e9cryptage les plus sophistiqu\u00e9s, restant toujours \u00e0 l\u2019ombre. Ce corps n\u2019avait jamais b\u00e9n\u00e9fici\u00e9 auparavant des honneurs de la R\u00e9publique.<\/p>\n<p>Le constatant, B\u00e9ji Ca\u00efd Essebsi l\u2019a d\u00e9cid\u00e9. Mohammed Ennaceur l\u2019a accompli. Deux pr\u00e9sidents, le premier \u00e9lu et le second hiss\u00e9 en int\u00e9rim constitutionnel, qui avaient tous deux \u00e9t\u00e9 ambassadeurs, et encore plus BCE, ministre des Affaires \u00e9trang\u00e8res, appr\u00e9cient \u00e0 sa juste valeur le d\u00e9vouement comp\u00e9tent et loyal des chiffreurs. Et leur t\u00e9moignent la reconnaissance de l\u2019Etat.<\/p>\n<p>\u00ab\u00a0Youssef Ouhiba est un capital d\u2019expertise et un mod\u00e8le de d\u00e9vouement, commente \u00e0 Leaders, le ministre des Affaires \u00e9trang\u00e8res, Khemaies Jhinaoui. Je suis ravi de le voir d\u00e9cor\u00e9 et je suis persuad\u00e9 qu\u2019il ouvre ainsi la voie \u00e0 ses valeureux coll\u00e8gues dans cette sp\u00e9cialit\u00e9 fondamentale pour l\u2019action diplomatique.\u00a0\u00bb C&rsquo;est l\u00e0 un clin d&rsquo;oeil \u00e0 un corps qui est anobli au m\u00eame titre que les autres m\u00e9tiers de la diplomatie.\u00a0Jhinaoui y aura beaucoup contribu\u00e9. Celui des Agents comptables, relevant du minist\u00e8re fes Finances, et mis \u00e0 la disposition des Affaires \u00e9trang\u00e8res, esp\u00e8re lui aussi, acc\u00e9der l\u00e9gitimement, aux d\u00e9corations.<\/p>\n<h2>L&rsquo;homme de confiance<\/h2>\n<p>Youssef Ouhiba, 59 ans, est l\u2019une des figures marquantes de la deuxi\u00e8me g\u00e9n\u00e9ration des chiffreurs. La premi\u00e8re, lanc\u00e9e au lendemain de l\u2019ind\u00e9pendance devait se d\u00e9rouiller toute seule pour s\u00e9curiser les transmissions. Elle fera des miracles. Youssef Ouhiba, qui int\u00e8grera le minist\u00e8re des Affaires \u00e9trang\u00e8res en 1982, l&rsquo;ann\u00e9e de la nomination de B\u00e9ji Ca\u00efd Essebsi, et natif comme lui de la M\u00e9dina de Tunis, \u00e9tait f\u00e9ru de t\u00e9l\u00e9communications et transmission. Au contact de ses a\u00een\u00e9s, il apprendra rapidement les rudiments du m\u00e9tier et ses ficelles. Une s\u00e9rie de stages viendront en perfectionnement. Une fois nomm\u00e9 en poste, le chiffreur assumera en plus, diff\u00e9rentes charges compl\u00e9mentaires, comme les affaires administratives, voire celles consulaires, et m\u00eame de presse et autres. La maitrise des langues, la connaissance du pays et le nombre tr\u00e8s r\u00e9duit des effectifs, l\u2019imposent. M\u00e9tier de sp\u00e9cialistes, le cryptage allie science, technologie et g\u00e9nie, la passion en plus et la confidentialit\u00e9 herm\u00e9tique en contrat de base.<\/p>\n<p class=\"c3\"><img loading=\"lazy\" decoding=\"async\" src=\"\/uploads\/FCK_files\/Ouhiba.jpg\" width=\"700\" height=\"427\" vspace=\"5\" hspace=\"5\" align=\"middle\" class=\"c2\" alt=\"\"\/><\/p>\n<h2>Pakistan, Syrie, Alg\u00e9rie&#8230;<\/h2>\n<p>Curieux destin, Youssef Ouhiba sera toujours affect\u00e9 dans des postes tr\u00e8s sensibles. C\u2019est ainsi qu\u2019il ira au Pakistan en 1986 pour y rester sept ans de suite, jusqu\u2019en 1995, un record. A Islamabad, il fera \u00e9quipe avec d\u2019\u00e9minents ambassadeurs, Sadok Saheb Ettabaa, Mohamed Trabelsi, Jalel Gordah, Mustapha Mizouni\u2026 Le p\u00e9rim\u00e8tre d\u2019accr\u00e9ditation couvre l\u2019Afghanistan qui \u00e9tait alors au d\u00e9but de cette pleine zone de turbulence. Ouhiba y accompagnera l\u2019ambassadeur Saheb Ettabaa quand il devait se rendre \u00e0 Kaboul rencontrer les nouvelles autorit\u00e9s islamistes, Hekmatyar, Shah Massoud et les autres chefs de factions djihadistes. Toute une histoire \u00e0 raconter.<\/p>\n<p>Le hasard voudra que le Secr\u00e9taire g\u00e9n\u00e9ral de l\u2019ONU nomme comme envoy\u00e9 sp\u00e9cial pour l\u2019Afghanistan, l\u2019ambassadeur exceptionnel Mahmoud Mestiri, ancien ministre des Affaires \u00e9trang\u00e8res, rest\u00e9 toujours proches de ses coll\u00e8gues diplomates. Appel\u00e9 \u00e0 s\u00e9journer fr\u00e9quemment \u00e0 Islamabad, il sera d\u2019une agr\u00e9able compagnie, tr\u00e8s instructive en plus.<\/p>\n<p>Apr\u00e8s une escale \u00e0 Tunis, Youssef Ouhiba est de nouveau \u00e0 l\u2019\u00e9tranger, cette fois \u00e0 Damas. Trois ambassadeurs s\u2019y succ\u00e8deront durant son affectation\u00a0: Mohamed Ali Ganzoui, Ezeddine Kerkeni et H\u00e9di Ben Nasr. A chacun son style, la Tunisie pour tous. La Syrie \u00e9tait \u00e0 cette \u00e9poque un carrefour central au Moyen-Orient\u2026<\/p>\n<p>Le troisi\u00e8me poste pour Youssef Ouhiba, sera apr\u00e8s le 14 janvier 2011, \u00e0 Alger o\u00f9 il retrouvera l\u2019ambassadeur N\u00e9jib Hachana\u2026<\/p>\n<p>De retour \u00e0 Tunis, il se consacre au renforcement du dispositif de chiffrage, \u00e0 la formation et \u00e0 l\u2019acquisition de nouvelles technologies performantes. Son grand bonheur aujourd&rsquo;hui est d&rsquo;\u00eatre d\u00e9cor\u00e9 ce 2 ao\u00fbt, devant cet a\u00e9ropoage prestigieux, la veille de l&rsquo;anniversaire de Bourguiba, et avec une pl\u00e9aide d&rsquo;excellents coll\u00e8gues, le ministre Jhinaoui, en t\u00eate.<\/p>\n<p class=\"c3\">\u00a0<\/p>\n<p class=\"c3\">\u00a0<\/p>\n<p>Auteur:<br \/>\n<a href=\"https:\/\/www.leaders.com.tn\/article\/27686-youssef-ouhiba-premier-chiffreur-diplomatique-tunisien-decore\">Cliquez ici pour lire l&rsquo;article depuis sa source.<\/a><\/p>\n","protected":false},"excerpt":{"rendered":"<p>D\u00e9cid\u00e9ment, depuis l\u00e0 o\u00f9 il se trouve, le pr\u00e9sident B\u00e9ji Ca\u00efd Essebsi ne cesse de nous surprendre. La liste des diplomates tunisiens qui devaient recevoir de ses mains leur d\u00e9coration des insignes de l\u2019Ordre du M\u00e9rite national a compris pour la premi\u00e8re fois, un chiffreur diplomatique\u00a0: Youssef Ouhiba. Inspecteur central, il appartient \u00e0 ce corps [&hellip;]<\/p>\n","protected":false},"author":1772,"featured_media":50113,"comment_status":"closed","ping_status":"closed","sticky":false,"template":"","format":"standard","meta":{"fifu_image_url":"","fifu_image_alt":"","footnotes":""},"categories":[73,55],"tags":[],"class_list":["post-50112","post","type-post","status-publish","format-standard","has-post-thumbnail","hentry","category-actualite","category-tunisie"],"_links":{"self":[{"href":"https:\/\/linitiative.ca\/International\/wp-json\/wp\/v2\/posts\/50112","targetHints":{"allow":["GET"]}}],"collection":[{"href":"https:\/\/linitiative.ca\/International\/wp-json\/wp\/v2\/posts"}],"about":[{"href":"https:\/\/linitiative.ca\/International\/wp-json\/wp\/v2\/types\/post"}],"author":[{"embeddable":true,"href":"https:\/\/linitiative.ca\/International\/wp-json\/wp\/v2\/users\/1772"}],"replies":[{"embeddable":true,"href":"https:\/\/linitiative.ca\/International\/wp-json\/wp\/v2\/comments?post=50112"}],"version-history":[{"count":0,"href":"https:\/\/linitiative.ca\/International\/wp-json\/wp\/v2\/posts\/50112\/revisions"}],"wp:featuredmedia":[{"embeddable":true,"href":"https:\/\/linitiative.ca\/International\/wp-json\/"}],"wp:attachment":[{"href":"https:\/\/linitiative.ca\/International\/wp-json\/wp\/v2\/media?parent=50112"}],"wp:term":[{"taxonomy":"category","embeddable":true,"href":"https:\/\/linitiative.ca\/International\/wp-json\/wp\/v2\/categories?post=50112"},{"taxonomy":"post_tag","embeddable":true,"href":"https:\/\/linitiative.ca\/International\/wp-json\/wp\/v2\/tags?post=50112"}],"curies":[{"name":"wp","href":"https:\/\/api.w.org\/{rel}","templated":true}]}}