{"id":50115,"date":"2019-08-03T06:09:01","date_gmt":"2019-08-03T10:09:01","guid":{"rendered":"https:\/\/linitiative.ca\/International\/programme-om-school-une-ecole-de-foot-bientot-au-maroc\/"},"modified":"2019-08-03T06:09:01","modified_gmt":"2019-08-03T10:09:01","slug":"programme-om-school-une-ecole-de-foot-bientot-au-maroc","status":"publish","type":"post","link":"https:\/\/linitiative.ca\/International\/programme-om-school-une-ecole-de-foot-bientot-au-maroc\/","title":{"rendered":"Programme OM School : une \u00e9cole de foot bient\u00f4t au Maroc"},"content":{"rendered":"<p><strong>Le club fran\u00e7ais de l\u2019Olympique de Marseille affiche ses ambitions de d\u00e9veloppement en Afrique du Nord \u00e0 travers la cr\u00e9ation d\u2019une \u00e9cole de football \u00e0 Tunis, dans un premier temps.<\/strong><\/p>\n<div class=\"c10\"\/>\n<p>L\u2019OM embo\u00eete le pas \u00e0 d\u2019autres clubs europ\u00e9ens, comme l\u2019AC Milan en Tunisie ou Arsenal au Maroc. Le Management du club a annonc\u00e9, mercredi 31 juillet, son projet de lancement du <strong>programme OM School<\/strong>, une \u00e9cole de football pour les jeunes \u00e0 Tunis \u00e0 partir du 7 septembre prochain, rapporte Le Monde. L\u2019OM ne compte pas s\u2019arr\u00eater \u00e0 ce projet puisqu\u2019il envisage d\u2019ouvrir d\u2019autres \u00e9coles de football, notamment en Alg\u00e9rie et au <strong>Maroc<\/strong>.<\/p>\n<p>Lire aussi : <a href=\"https:\/\/www.challenge.ma\/london-academy-casablanca-lecole-by-samir-benmakhlouf-87865\/\">London Academy Casablanca, l\u2019\u00e9cole by Samir Benmakhlouf<\/a><\/p>\n<p>Cet \u00e9tablissement de formation est destin\u00e9 \u00e0 des enfants \u00e2g\u00e9s de 5 \u00e0 16 ans. \u00ab\u00a0Il s\u2019agit de la premi\u00e8re \u00e9cole ouverte par le club phoc\u00e9en \u00e0 l\u2019\u00e9tranger. Et ce n\u2019est pas la derni\u00e8re puisque d\u2019autres infrastructures de la sorte devraient voir le jour dans les autres pays du <strong>Maghreb<\/strong>, notamment en Alg\u00e9rie dans les prochaines semaines\u00a0\u00bb, poursuit le quotidien fran\u00e7ais.<\/p>\n<p>A travers ce projet, les dirigeants marseillais visent \u00e0 \u00ab\u2009rapprocher de nos fid\u00e8les supporters tunisiens qui nous suivent nombreux et avec une passion in\u00e9branlable\u2009\u00bb, indique le communiqu\u00e9 du club. \u00ab\u2009Notre priorit\u00e9 n\u2019est pas de cr\u00e9er des professionnels, mais de former des personnes. Cette \u00e9cole est ouverte \u00e0 tous les gamins, de tous les niveaux. On ouvre les portes \u00e0 tout le monde \u00bb, a lanc\u00e9 Alejandro Requena, responsable du d\u00e9veloppement international de l\u2019OM dans des propos relay\u00e9s par Le Monde.<\/p>\n<div class=\"c17\">\n<fieldset class=\"c16\">\n<legend><strong><span class=\"c11\">Challenge<\/span><span class=\"c12\">news<\/span><\/strong><\/legend>\n<div class=\"c15\">Le meilleur de la r\u00e9daction s\u00e9lectionn\u00e9 par Challenge :<\/p>\n<\/div>\n<\/fieldset>\n<\/div>\n<p>Auteur: Hassan Manyani<br \/>\n<a href=\"https:\/\/www.challenge.ma\/programme-om-school-une-ecole-de-foot-bientot-au-maroc-114819\/\">Cliquez ici pour lire l&rsquo;article depuis sa source.<\/a><\/p>\n","protected":false},"excerpt":{"rendered":"<p>Le club fran\u00e7ais de l\u2019Olympique de Marseille affiche ses ambitions de d\u00e9veloppement en Afrique du Nord \u00e0 travers la cr\u00e9ation d\u2019une \u00e9cole de football \u00e0 Tunis, dans un premier temps. L\u2019OM embo\u00eete le pas \u00e0 d\u2019autres clubs europ\u00e9ens, comme l\u2019AC Milan en Tunisie ou Arsenal au Maroc. Le Management du club a annonc\u00e9, mercredi 31 [&hellip;]<\/p>\n","protected":false},"author":1787,"featured_media":0,"comment_status":"closed","ping_status":"closed","sticky":false,"template":"","format":"standard","meta":{"fifu_image_url":"","fifu_image_alt":"","footnotes":""},"categories":[78,54],"tags":[],"class_list":["post-50115","post","type-post","status-publish","format-standard","hentry","category-economie","category-maroc"],"_links":{"self":[{"href":"https:\/\/linitiative.ca\/International\/wp-json\/wp\/v2\/posts\/50115","targetHints":{"allow":["GET"]}}],"collection":[{"href":"https:\/\/linitiative.ca\/International\/wp-json\/wp\/v2\/posts"}],"about":[{"href":"https:\/\/linitiative.ca\/International\/wp-json\/wp\/v2\/types\/post"}],"author":[{"embeddable":true,"href":"https:\/\/linitiative.ca\/International\/wp-json\/wp\/v2\/users\/1787"}],"replies":[{"embeddable":true,"href":"https:\/\/linitiative.ca\/International\/wp-json\/wp\/v2\/comments?post=50115"}],"version-history":[{"count":0,"href":"https:\/\/linitiative.ca\/International\/wp-json\/wp\/v2\/posts\/50115\/revisions"}],"wp:attachment":[{"href":"https:\/\/linitiative.ca\/International\/wp-json\/wp\/v2\/media?parent=50115"}],"wp:term":[{"taxonomy":"category","embeddable":true,"href":"https:\/\/linitiative.ca\/International\/wp-json\/wp\/v2\/categories?post=50115"},{"taxonomy":"post_tag","embeddable":true,"href":"https:\/\/linitiative.ca\/International\/wp-json\/wp\/v2\/tags?post=50115"}],"curies":[{"name":"wp","href":"https:\/\/api.w.org\/{rel}","templated":true}]}}