{"id":50116,"date":"2019-08-03T06:10:47","date_gmt":"2019-08-03T10:10:47","guid":{"rendered":"https:\/\/linitiative.ca\/International\/droits-de-la-femme-la-revolution-de-velours\/"},"modified":"2019-08-03T06:10:47","modified_gmt":"2019-08-03T10:10:47","slug":"droits-de-la-femme-la-revolution-de-velours","status":"publish","type":"post","link":"https:\/\/linitiative.ca\/International\/droits-de-la-femme-la-revolution-de-velours\/","title":{"rendered":"Droits de la femme\u00a0: La r\u00e9volution de velours"},"content":{"rendered":"<p><strong>Juridique, politique, institutionnel, l\u2019\u00e8re du Roi Mohammed VI<br \/>est indiscutablement celle de l\u2019avanc\u00e9e de la cause de la femme<br \/>dans tous les domaines.\u00a0<\/strong><\/p>\n<div class=\"c10\"\/>\n<p>La question des droits de la femme divisait non seulement la classe politique, mais l\u2019ensemble de la soci\u00e9t\u00e9 d\u00e8s le d\u00e9but du r\u00e8gne. Le plan d\u2019int\u00e9gration de la femme, pr\u00e9sent\u00e9 par le ministre en charge de la condition de la femme, Sa\u00efd Sa\u00e2di, au nom du gouvernement El Youssoufi, a soulev\u00e9 les passions et cr\u00e9\u00e9 un clivage sans pr\u00e9c\u00e9dent. En mars 2000, les deux manifestations, l\u2019une \u00e0 Rabat, dite moderniste, l\u2019autre \u00e0 Casablanca dirig\u00e9e par les islamistes, repr\u00e9sentaient le paroxysme de ce clivage. Le gouvernement El Youssoufi avait commis une grave erreur, il n\u2019avait pas publi\u00e9 ce plan, ce qui laissait la porte ouverte \u00e0 toutes les supputations, aux rumeurs infond\u00e9es. En fait ce n\u2019\u00e9tait qu\u2019un catalogue de mesures transversales, en faveur de l\u2019\u00e9ducation, de la sant\u00e9 natale etc\u2026<\/p>\n<p>Le clivage r\u00e9el \u00e9tait autour du pr\u00e9ambule qui privil\u00e9giait l\u2019universel face au sp\u00e9cifique, le droit international face au droit national et \u00e0 la Moudawana, c\u2019est l\u00e0 le vrai point de discorde et qui durera longtemps.<\/p>\n<p>La r\u00e9ponse Royale a \u00e9t\u00e9 multiforme. Le code de la famille a \u00e9t\u00e9 trait\u00e9 en urgence, puisqu\u2019il concentrait les divergences.<\/p>\n<p>Feu M\u2019hamed Boucetta avait \u00e9t\u00e9 nomm\u00e9 \u00e0 la t\u00eate d\u2019une commission ad-hoc pluridisciplinaire et tr\u00e8s repr\u00e9sentative. Le texte final \u00e9tablit l\u2019\u00e9galit\u00e9 des \u00e9poux au sein de la famille, acquis juridique historique, \u00e9l\u00e8ve l\u2019\u00e2ge du mariage, introduit la notion de partage des biens acquis lors de la vie commune, encadre la polygamie. Les bases d\u2019un vrai changement des rapports au sein de la famille \u00e9taient pos\u00e9es. Quinze ans apr\u00e8s, le combat continue parce que les r\u00e9sistances persistent, mais il a chang\u00e9 de nature, il est soci\u00e9tal et non plus juridique.<\/p>\n<p><strong>Un Hors-s\u00e9rie exceptionnel<\/strong>\u00a0<strong>du magazine Challenge \u00ab\u00a0Les 20 ans qui ont fond\u00e9 le Maroc de demain\u00a0\u00bb est en vente en kiosque.<\/strong>\u00a0\u00a0\u00a0\u00a0\u00a0 \u00a0\u00a0\u00a0\u00a0\u00a0\u00a0\u00a0\u00a0\u00a0\u00a0\u00a0\u00a0\u00a0\u00a0\u00a0\u00a0\u00a0\u00a0\u00a0\u00a0\u00a0\u00a0\u00a0\u00a0\u00a0\u00a0\u00a0\u00a0\u00a0\u00a0\u00a0\u00a0\u00a0\u00a0\u00a0\u00a0\u00a0\u00a0\u00a0\u00a0\u00a0\u00a0\u00a0\u00a0\u00a0\u00a0\u00a0\u00a0\u00a0\u00a0\u00a0\u00a0\u00a0\u00a0\u00a0\u00a0\u00a0\u00a0\u00a0\u00a0\u00a0\u00a0\u00a0\u00a0\u00a0\u00a0\u00a0\u00a0\u00a0\u00a0\u00a0\u00a0\u00a0\u00a0\u00a0\u00a0\u00a0<\/p>\n<p><img decoding=\"async\" src=\"https:\/\/www.challenge.ma\/wp-content\/uploads\/2019\/07\/Challenge-707-hors-serie.jpg\" alt=\"\" class=\"wp-image-114125\" srcset=\"https:\/\/www.challenge.ma\/wp-content\/uploads\/2019\/07\/Challenge-707-hors-serie.jpg 758w, https:\/\/www.challenge.ma\/wp-content\/uploads\/2019\/07\/Challenge-707-hors-serie-227x300.jpg 227w, https:\/\/www.challenge.ma\/wp-content\/uploads\/2019\/07\/Challenge-707-hors-serie-360x475.jpg 360w, https:\/\/www.challenge.ma\/wp-content\/uploads\/2019\/07\/Challenge-707-hors-serie-750x989.jpg 750w\" sizes=\"(max-width: 758px) 100vw, 758px\"\/><\/p>\n<div class=\"c17\">\n<fieldset class=\"c16\">\n<legend><strong><span class=\"c11\">Challenge<\/span><span class=\"c12\">news<\/span><\/strong><\/legend>\n<div class=\"c15\">Le meilleur de la r\u00e9daction s\u00e9lectionn\u00e9 par Challenge :<\/p>\n<\/div>\n<\/fieldset>\n<\/div>\n<p>Auteur: challenge<br \/>\n<a href=\"https:\/\/www.challenge.ma\/droits-de-la-femme-la-revolution-de-velours-114306\/\">Cliquez ici pour lire l&rsquo;article depuis sa source.<\/a><\/p>\n","protected":false},"excerpt":{"rendered":"<p>Juridique, politique, institutionnel, l\u2019\u00e8re du Roi Mohammed VIest indiscutablement celle de l\u2019avanc\u00e9e de la cause de la femmedans tous les domaines.\u00a0 La question des droits de la femme divisait non seulement la classe politique, mais l\u2019ensemble de la soci\u00e9t\u00e9 d\u00e8s le d\u00e9but du r\u00e8gne. Le plan d\u2019int\u00e9gration de la femme, pr\u00e9sent\u00e9 par le ministre en [&hellip;]<\/p>\n","protected":false},"author":1787,"featured_media":50117,"comment_status":"closed","ping_status":"closed","sticky":false,"template":"","format":"standard","meta":{"fifu_image_url":"","fifu_image_alt":"","footnotes":""},"categories":[78,54],"tags":[],"class_list":["post-50116","post","type-post","status-publish","format-standard","has-post-thumbnail","hentry","category-economie","category-maroc"],"_links":{"self":[{"href":"https:\/\/linitiative.ca\/International\/wp-json\/wp\/v2\/posts\/50116","targetHints":{"allow":["GET"]}}],"collection":[{"href":"https:\/\/linitiative.ca\/International\/wp-json\/wp\/v2\/posts"}],"about":[{"href":"https:\/\/linitiative.ca\/International\/wp-json\/wp\/v2\/types\/post"}],"author":[{"embeddable":true,"href":"https:\/\/linitiative.ca\/International\/wp-json\/wp\/v2\/users\/1787"}],"replies":[{"embeddable":true,"href":"https:\/\/linitiative.ca\/International\/wp-json\/wp\/v2\/comments?post=50116"}],"version-history":[{"count":0,"href":"https:\/\/linitiative.ca\/International\/wp-json\/wp\/v2\/posts\/50116\/revisions"}],"wp:featuredmedia":[{"embeddable":true,"href":"https:\/\/linitiative.ca\/International\/wp-json\/"}],"wp:attachment":[{"href":"https:\/\/linitiative.ca\/International\/wp-json\/wp\/v2\/media?parent=50116"}],"wp:term":[{"taxonomy":"category","embeddable":true,"href":"https:\/\/linitiative.ca\/International\/wp-json\/wp\/v2\/categories?post=50116"},{"taxonomy":"post_tag","embeddable":true,"href":"https:\/\/linitiative.ca\/International\/wp-json\/wp\/v2\/tags?post=50116"}],"curies":[{"name":"wp","href":"https:\/\/api.w.org\/{rel}","templated":true}]}}