{"id":50118,"date":"2019-08-03T06:40:59","date_gmt":"2019-08-03T10:40:59","guid":{"rendered":"https:\/\/linitiative.ca\/International\/13-avril-2000-visite-du-souverain-au-vatican\/"},"modified":"2019-08-03T06:40:59","modified_gmt":"2019-08-03T10:40:59","slug":"13-avril-2000-visite-du-souverain-au-vatican","status":"publish","type":"post","link":"https:\/\/linitiative.ca\/International\/13-avril-2000-visite-du-souverain-au-vatican\/","title":{"rendered":"13 avril 2000 : Visite du Souverain au Vatican"},"content":{"rendered":"<p>Alors qu\u2019il est en d\u00e9placement officiel \u00e0 Rome, le Souverain effectue une visite au Saint-Si\u00e8ge. C\u2019est la premi\u00e8re rencontre entre Amir Al Mouminine et le Chef de l\u2019Eglise catholique, le Pape Jean Paul II.<\/p>\n<div class=\"c10\"\/>\n<p><strong>Un Hors-s\u00e9rie exceptionnel<\/strong>\u00a0<strong>du magazine Challenge \u00ab\u00a0Les 20 ans qui ont fond\u00e9 le Maroc de demain\u00a0\u00bb est en vente en kiosque.<\/strong>\u00a0\u00a0\u00a0\u00a0\u00a0 \u00a0\u00a0\u00a0\u00a0\u00a0\u00a0\u00a0\u00a0\u00a0\u00a0\u00a0\u00a0\u00a0\u00a0\u00a0\u00a0\u00a0\u00a0\u00a0\u00a0\u00a0\u00a0\u00a0\u00a0\u00a0\u00a0\u00a0\u00a0\u00a0\u00a0\u00a0\u00a0\u00a0\u00a0\u00a0\u00a0\u00a0\u00a0\u00a0\u00a0\u00a0\u00a0\u00a0\u00a0\u00a0\u00a0\u00a0\u00a0\u00a0\u00a0\u00a0\u00a0\u00a0\u00a0\u00a0\u00a0\u00a0\u00a0\u00a0\u00a0\u00a0\u00a0\u00a0\u00a0\u00a0\u00a0\u00a0\u00a0<\/p>\n<p><img decoding=\"async\" src=\"https:\/\/www.challenge.ma\/wp-content\/uploads\/2019\/07\/Challenge-707-hors-serie.jpg\" alt=\"\" class=\"wp-image-114125\" srcset=\"https:\/\/www.challenge.ma\/wp-content\/uploads\/2019\/07\/Challenge-707-hors-serie.jpg 758w, https:\/\/www.challenge.ma\/wp-content\/uploads\/2019\/07\/Challenge-707-hors-serie-227x300.jpg 227w, https:\/\/www.challenge.ma\/wp-content\/uploads\/2019\/07\/Challenge-707-hors-serie-360x475.jpg 360w, https:\/\/www.challenge.ma\/wp-content\/uploads\/2019\/07\/Challenge-707-hors-serie-750x989.jpg 750w\" sizes=\"(max-width: 758px) 100vw, 758px\"\/><\/p>\n<div class=\"c17\">\n<fieldset class=\"c16\">\n<legend><strong><span class=\"c11\">Challenge<\/span><span class=\"c12\">news<\/span><\/strong><\/legend>\n<div class=\"c15\">Le meilleur de la r\u00e9daction s\u00e9lectionn\u00e9 par Challenge :<\/p>\n<\/div>\n<\/fieldset>\n<\/div>\n<p>Auteur: challenge<br \/>\n<a href=\"https:\/\/www.challenge.ma\/13-avril-2000-visite-du-souverain-au-vatican-114538\/\">Cliquez ici pour lire l&rsquo;article depuis sa source.<\/a><\/p>\n","protected":false},"excerpt":{"rendered":"<p>Alors qu\u2019il est en d\u00e9placement officiel \u00e0 Rome, le Souverain effectue une visite au Saint-Si\u00e8ge. C\u2019est la premi\u00e8re rencontre entre Amir Al Mouminine et le Chef de l\u2019Eglise catholique, le Pape Jean Paul II. Un Hors-s\u00e9rie exceptionnel\u00a0du magazine Challenge \u00ab\u00a0Les 20 ans qui ont fond\u00e9 le Maroc de demain\u00a0\u00bb est en vente en kiosque.\u00a0\u00a0\u00a0\u00a0\u00a0 \u00a0\u00a0\u00a0\u00a0\u00a0\u00a0\u00a0\u00a0\u00a0\u00a0\u00a0\u00a0\u00a0\u00a0\u00a0\u00a0\u00a0\u00a0\u00a0\u00a0\u00a0\u00a0\u00a0\u00a0\u00a0\u00a0\u00a0\u00a0\u00a0\u00a0\u00a0\u00a0\u00a0\u00a0\u00a0\u00a0\u00a0\u00a0\u00a0\u00a0\u00a0\u00a0\u00a0\u00a0\u00a0\u00a0\u00a0\u00a0\u00a0\u00a0\u00a0\u00a0\u00a0\u00a0\u00a0\u00a0\u00a0\u00a0\u00a0\u00a0\u00a0\u00a0\u00a0\u00a0\u00a0\u00a0\u00a0\u00a0 [&hellip;]<\/p>\n","protected":false},"author":1787,"featured_media":50119,"comment_status":"closed","ping_status":"closed","sticky":false,"template":"","format":"standard","meta":{"fifu_image_url":"","fifu_image_alt":"","footnotes":""},"categories":[78,54],"tags":[],"class_list":["post-50118","post","type-post","status-publish","format-standard","has-post-thumbnail","hentry","category-economie","category-maroc"],"_links":{"self":[{"href":"https:\/\/linitiative.ca\/International\/wp-json\/wp\/v2\/posts\/50118","targetHints":{"allow":["GET"]}}],"collection":[{"href":"https:\/\/linitiative.ca\/International\/wp-json\/wp\/v2\/posts"}],"about":[{"href":"https:\/\/linitiative.ca\/International\/wp-json\/wp\/v2\/types\/post"}],"author":[{"embeddable":true,"href":"https:\/\/linitiative.ca\/International\/wp-json\/wp\/v2\/users\/1787"}],"replies":[{"embeddable":true,"href":"https:\/\/linitiative.ca\/International\/wp-json\/wp\/v2\/comments?post=50118"}],"version-history":[{"count":0,"href":"https:\/\/linitiative.ca\/International\/wp-json\/wp\/v2\/posts\/50118\/revisions"}],"wp:featuredmedia":[{"embeddable":true,"href":"https:\/\/linitiative.ca\/International\/wp-json\/"}],"wp:attachment":[{"href":"https:\/\/linitiative.ca\/International\/wp-json\/wp\/v2\/media?parent=50118"}],"wp:term":[{"taxonomy":"category","embeddable":true,"href":"https:\/\/linitiative.ca\/International\/wp-json\/wp\/v2\/categories?post=50118"},{"taxonomy":"post_tag","embeddable":true,"href":"https:\/\/linitiative.ca\/International\/wp-json\/wp\/v2\/tags?post=50118"}],"curies":[{"name":"wp","href":"https:\/\/api.w.org\/{rel}","templated":true}]}}