{"id":50220,"date":"2019-08-04T15:04:00","date_gmt":"2019-08-04T19:04:00","guid":{"rendered":"https:\/\/linitiative.ca\/International\/lenquete-sur-said-bouteflika-toufik-et-tartag-achevee-ouverture-du-proces-dans-les-prochaines-semaines\/"},"modified":"2019-08-04T15:04:00","modified_gmt":"2019-08-04T19:04:00","slug":"lenquete-sur-said-bouteflika-toufik-et-tartag-achevee-ouverture-du-proces-dans-les-prochaines-semaines","status":"publish","type":"post","link":"https:\/\/linitiative.ca\/International\/lenquete-sur-said-bouteflika-toufik-et-tartag-achevee-ouverture-du-proces-dans-les-prochaines-semaines\/","title":{"rendered":"L\u2019ENQUETE SUR SAID BOUTEFLIKA, TOUFIK ET TARTAG ACHEVEE : Ouverture du proc\u00e8s \u00ab\u00a0dans les prochaines semaines\u00a0\u00bb"},"content":{"rendered":"<p><br id=\"sep_para_1\" class=\"sep_para access\"\/><\/p>\n<div id=\"para_1\" class=\"para_32429190 resize\">\n<div class=\"texte access firstletter\">La cha\u00eene III de la radio nationale a rapport\u00e9 ce dimanche que,\u00a0 le proc\u00e8s de Sa\u00efd Bouteflika, le fr\u00e8re de l\u2019ancien Chef de l\u2019Etat, Abdelaziz Bouteflika, ainsi que\u00a0 ceux de l\u2019ex-chef de l\u2019ex- D\u00e9partement du renseignement et de la s\u00e9curit\u00e9 (DRS), le g\u00e9n\u00e9ral Mohamed Medi\u00e8ne, d\u00e9nomm\u00e9 Tewfik, de Bachir Tartag, ex-chef du D\u00e9partement de surveillance et de s\u00e9curit\u00e9 (DSS) et de Louiza Hanoune, Secr\u00e9taire g\u00e9n\u00e9rale du Parti des travailleurs (PT) d\u00e9butera \u00ab dans les prochaines semaines \u00bb.\u00a0\u00a0 Le juge d\u2019instruction du Tribunal militaire de Blida \u00ab a clos son enqu\u00eate \u00bb concernant ces pr\u00e9venus, ajoute la cha\u00eene 3, citant une source judiciaire qui rappelle que l\u2019affaire dans laquelle ils sont impliqu\u00e9s a \u00e9clat\u00e9e au d\u00e9but du mois de mai 2019, au moment de leur interpellation. Apr\u00e8s avoir \u00e9t\u00e9 auditionn\u00e9s par le parquet g\u00e9n\u00e9ral du Tribunal militaire, les pr\u00e9venus\u00a0\u00a0 ont \u00e9t\u00e9 incarc\u00e9r\u00e9s sous les chefs d\u2019inculpation \u00ab d\u2019atteinte \u00e0 l\u2019autorit\u00e9 de l\u2019Arm\u00e9e et de complot contre l\u2019autorit\u00e9 de l\u2019Etat \u00bb, pr\u00e9cise encore la source judiciaire cit\u00e9e par la radio.\u00a0\u00a0 Qui ajoute en outre que les dossiers des pr\u00e9venus, plac\u00e9s sous mandat de d\u00e9p\u00f4t apr\u00e8s leur arrestation, attendent d\u2019\u00eatre transf\u00e9r\u00e9s vers les services habilit\u00e9s \u00e0 programmer leur proc\u00e8s, lequel pourrait s\u2019ouvrir \u00ab dans les semaines \u00e0 venir \u00bb. Pour ce m\u00e9dia public, les quatre accus\u00e9s \u00ab s\u2019\u00e9taient r\u00e9unis dans une r\u00e9sidence des hauteurs d\u2019Alger, aux fins de \u00ab d\u00e9stabiliser le pays \u00bb. \u00bb Cela leur a valu, dans un premier temps, une incarc\u00e9ration sous les chefs d\u2019inculpation d&rsquo; \u00bbatteinte \u00e0 l\u2019autorit\u00e9 de l\u2019Arm\u00e9e et de complot contre l\u2019autorit\u00e9 de l\u2019Etat \u00bb.<\/div>\n<\/div>\n<p>Auteur: Ismain<br \/>\n<a href=\"https:\/\/www.reflexiondz.net\/L-ENQUETE-SUR-SAID-BOUTEFLIKA-TOUFIK-ET-TARTAG-ACHEVEE-Ouverture-du-proces-dans-les-prochaines-semaines_a56983.html\">Cliquez ici pour lire l&rsquo;article depuis sa source.<\/a><\/p>\n","protected":false},"excerpt":{"rendered":"<p>La cha\u00eene III de la radio nationale a rapport\u00e9 ce dimanche que,\u00a0 le proc\u00e8s de Sa\u00efd Bouteflika, le fr\u00e8re de l\u2019ancien Chef de l\u2019Etat, Abdelaziz Bouteflika, ainsi que\u00a0 ceux de l\u2019ex-chef de l\u2019ex- D\u00e9partement du renseignement et de la s\u00e9curit\u00e9 (DRS), le g\u00e9n\u00e9ral Mohamed Medi\u00e8ne, d\u00e9nomm\u00e9 Tewfik, de Bachir Tartag, ex-chef du D\u00e9partement de surveillance [&hellip;]<\/p>\n","protected":false},"author":1740,"featured_media":0,"comment_status":"closed","ping_status":"closed","sticky":false,"template":"","format":"standard","meta":{"fifu_image_url":"","fifu_image_alt":"","footnotes":""},"categories":[53,76],"tags":[],"class_list":["post-50220","post","type-post","status-publish","format-standard","hentry","category-algerie","category-regions"],"_links":{"self":[{"href":"https:\/\/linitiative.ca\/International\/wp-json\/wp\/v2\/posts\/50220","targetHints":{"allow":["GET"]}}],"collection":[{"href":"https:\/\/linitiative.ca\/International\/wp-json\/wp\/v2\/posts"}],"about":[{"href":"https:\/\/linitiative.ca\/International\/wp-json\/wp\/v2\/types\/post"}],"author":[{"embeddable":true,"href":"https:\/\/linitiative.ca\/International\/wp-json\/wp\/v2\/users\/1740"}],"replies":[{"embeddable":true,"href":"https:\/\/linitiative.ca\/International\/wp-json\/wp\/v2\/comments?post=50220"}],"version-history":[{"count":0,"href":"https:\/\/linitiative.ca\/International\/wp-json\/wp\/v2\/posts\/50220\/revisions"}],"wp:attachment":[{"href":"https:\/\/linitiative.ca\/International\/wp-json\/wp\/v2\/media?parent=50220"}],"wp:term":[{"taxonomy":"category","embeddable":true,"href":"https:\/\/linitiative.ca\/International\/wp-json\/wp\/v2\/categories?post=50220"},{"taxonomy":"post_tag","embeddable":true,"href":"https:\/\/linitiative.ca\/International\/wp-json\/wp\/v2\/tags?post=50220"}],"curies":[{"name":"wp","href":"https:\/\/api.w.org\/{rel}","templated":true}]}}