{"id":50242,"date":"2019-08-04T06:00:00","date_gmt":"2019-08-04T10:00:00","guid":{"rendered":"https:\/\/linitiative.ca\/International\/2-morts-et-1-blesse-grave-dans-un-accident-de-la-circulation\/"},"modified":"2019-08-04T06:00:00","modified_gmt":"2019-08-04T10:00:00","slug":"2-morts-et-1-blesse-grave-dans-un-accident-de-la-circulation","status":"publish","type":"post","link":"https:\/\/linitiative.ca\/International\/2-morts-et-1-blesse-grave-dans-un-accident-de-la-circulation\/","title":{"rendered":"2 morts et 1 bless\u00e9 grave dans un accident de la circulation"},"content":{"rendered":"<p>Deux hommes, \u00e2g\u00e9s de 48 et 54 ans, ont trouv\u00e9 la mort suite \u00e0 une collision frontale entre un camion gros tonnage et un v\u00e9hicule utilitaire.<br \/>Selon le communiqu\u00e9 transmis \u00e0 notre journal par la cellule de communication de la protection civile d&rsquo;Oum-el-Bouaghi, les deux victimes sont d\u00e9c\u00e9d\u00e9es sur le coup. Le troisi\u00e8me passager, la trentaine, s\u2019en est sorti avec de multiples fractures aux membres inf\u00e9rieurs et des blessures \u00e0 la t\u00eate .<br \/>Les deux d\u00e9pouilles mortelles et le bless\u00e9 ont \u00e9t\u00e9 transf\u00e9r\u00e9s vers l&rsquo;EPH Bouhafs de la Meskiana par les \u00e9l\u00e9ments de l&rsquo;unit\u00e9 secondaire de la protection civile de la Meskiana.<br \/>Les services de la gendarmerie ont ouvert une enqu\u00eate pour d\u00e9terminer les causes exactes de ce drame qui vient s&rsquo;ajouter \u00e0 la longue liste des accidents de la circulation.<br \/>Moussa Chtatha<\/p>\n<p>Auteur:<br \/>\n<a href=\"https:\/\/www.lesoirdalgerie.com\/faits-divers\/2-morts-et-1-blesse-grave-dans-un-accident-de-la-circulation-28161\">Cliquez ici pour lire l&rsquo;article depuis sa source.<\/a><\/p>\n","protected":false},"excerpt":{"rendered":"<p>Deux hommes, \u00e2g\u00e9s de 48 et 54 ans, ont trouv\u00e9 la mort suite \u00e0 une collision frontale entre un camion gros tonnage et un v\u00e9hicule utilitaire.Selon le communiqu\u00e9 transmis \u00e0 notre journal par la cellule de communication de la protection civile d&rsquo;Oum-el-Bouaghi, les deux victimes sont d\u00e9c\u00e9d\u00e9es sur le coup. Le troisi\u00e8me passager, la trentaine, [&hellip;]<\/p>\n","protected":false},"author":1741,"featured_media":0,"comment_status":"closed","ping_status":"closed","sticky":false,"template":"","format":"standard","meta":{"fifu_image_url":"","fifu_image_alt":"","footnotes":""},"categories":[73,53],"tags":[],"class_list":["post-50242","post","type-post","status-publish","format-standard","hentry","category-actualite","category-algerie"],"_links":{"self":[{"href":"https:\/\/linitiative.ca\/International\/wp-json\/wp\/v2\/posts\/50242","targetHints":{"allow":["GET"]}}],"collection":[{"href":"https:\/\/linitiative.ca\/International\/wp-json\/wp\/v2\/posts"}],"about":[{"href":"https:\/\/linitiative.ca\/International\/wp-json\/wp\/v2\/types\/post"}],"author":[{"embeddable":true,"href":"https:\/\/linitiative.ca\/International\/wp-json\/wp\/v2\/users\/1741"}],"replies":[{"embeddable":true,"href":"https:\/\/linitiative.ca\/International\/wp-json\/wp\/v2\/comments?post=50242"}],"version-history":[{"count":0,"href":"https:\/\/linitiative.ca\/International\/wp-json\/wp\/v2\/posts\/50242\/revisions"}],"wp:attachment":[{"href":"https:\/\/linitiative.ca\/International\/wp-json\/wp\/v2\/media?parent=50242"}],"wp:term":[{"taxonomy":"category","embeddable":true,"href":"https:\/\/linitiative.ca\/International\/wp-json\/wp\/v2\/categories?post=50242"},{"taxonomy":"post_tag","embeddable":true,"href":"https:\/\/linitiative.ca\/International\/wp-json\/wp\/v2\/tags?post=50242"}],"curies":[{"name":"wp","href":"https:\/\/api.w.org\/{rel}","templated":true}]}}