{"id":50254,"date":"2019-08-05T10:00:19","date_gmt":"2019-08-05T14:00:19","guid":{"rendered":"https:\/\/linitiative.ca\/International\/levothyrox-un-approvisionnement-couvrant-3-a-4-mois-des-besoins-receptionne-le-29-juillet\/"},"modified":"2019-08-05T10:00:19","modified_gmt":"2019-08-05T14:00:19","slug":"levothyrox-un-approvisionnement-couvrant-3-a-4-mois-des-besoins-receptionne-le-29-juillet","status":"publish","type":"post","link":"https:\/\/linitiative.ca\/International\/levothyrox-un-approvisionnement-couvrant-3-a-4-mois-des-besoins-receptionne-le-29-juillet\/","title":{"rendered":"L\u00e9vothyrox : Un approvisionnement couvrant 3 \u00e0 4 mois  des besoins r\u00e9ceptionn\u00e9 le 29 juillet"},"content":{"rendered":"<header>\n<\/header>\n<div class=\"entry-content clearfix\" readability=\"48\"><img decoding=\"async\" class=\"post_layout_5_img\" src=\"http:\/\/aujourdhui.ma\/wp-content\/uploads\/2019\/08\/Levothyrox-medicament.jpg?x29840\" alt=\"L\u00e9vothyrox : Un approvisionnement couvrant 3 \u00e0 4 mois des besoins r\u00e9ceptionn\u00e9 le 29 juillet\"\/><\/p>\n<p><span class=\"c4\"><strong>Les pharmaciens appel\u00e9s \u00e0 ne fournir que l\u2019\u00e9quivalent d\u2019un mois de traitement<\/strong><\/span><br \/><span id=\"more-316496\"\/>Apr\u00e8s la direction des m\u00e9dicaments et de la pharmacie, c\u2019est au tour des laboratoires Merck et Cooper Pharma de rassurer les patients quant \u00e0 la disponibilit\u00e9 du m\u00e9dicament L\u00e9vothyrox sur le march\u00e9 national. Dans un courrier adress\u00e9 le jeudi 1er ao\u00fbt au pr\u00e9sident du Conseil national de l\u2019Ordre des pharmaciens, les laboratoires signalent qu\u2019un approvisionnement en L\u00e9vothyrox couvrant 3 \u00e0 4 mois des besoins habituels des patients a \u00e9t\u00e9 r\u00e9ceptionn\u00e9 au niveau du site industriel de Cooper Pharma le 29 juillet 2019. \u00abNotre objectif \u00e0 court terme \u00e9tant de r\u00e9tablir les stocks de s\u00e9curit\u00e9 le plus rapidement possible, nous veillerons entre temps \u00e0 ce que les quantit\u00e9s disponibles soient \u00e9quitablement r\u00e9parties sur tout le Royaume, afin d\u2019assurer un acc\u00e8s optimal \u00e0 tous les patients\u00bb, peut-on lire.Les deux laboratoires pr\u00e9cisent dans leur courrier que la distribution aux grossistes r\u00e9partiteurs se fera selon leurs cadences habituelles d\u2019approvisionnement en dehors de la p\u00e9riode de tension. Les responsables des deux laboratoires appellent le pr\u00e9sident du Conseil national de l\u2019Ordre des pharmaciens \u00e0 sensibiliser l\u2019ensemble des officines quant \u00e0 la n\u00e9cessit\u00e9 de fournir uniquement l\u2019\u00e9quivalent d\u2019un mois de traitement. Enfin, les responsables des deux laboratoires rappellent que \u00ables quantit\u00e9s re\u00e7ues sont strictement conformes au dossier enregistr\u00e9 au Maroc, et refl\u00e8tent la derni\u00e8re mise \u00e0 jour portant la mise en place du nouveau logo de Merck et les nouvelles couleurs des bo\u00eetes\u00bb.Au Maroc, ils sont des milliers \u00e0 prendre ce m\u00e9dicament chaque jour pour compenser ou r\u00e9guler leurs probl\u00e8mes de dysfonctionnement de la thyro\u00efde. Le 16 juillet dernier, le minist\u00e8re de la sant\u00e9 avait publi\u00e9 un communiqu\u00e9 pr\u00e9cisant que l\u2019approvisionnement du march\u00e9 en L\u00e9vothyrox va progressivement se stabiliser \u00e0 partir de fin juillet. Le ministre avait aussi expliqu\u00e9 ces perturbations par des difficult\u00e9s en approvisionnement au niveau mondial dues \u00e0 la hausse de la demande durant l\u2019ann\u00e9e en cours. Dans son communiqu\u00e9, le minist\u00e8re avait signal\u00e9 avoir \u00abr\u00e9agi d\u00e8s les premiers instants, en coordination avec le fournisseur, pour contenir cette situation, en facilitant l\u2019acc\u00e8s aux stocks de r\u00e9serve\u00bb tout en pr\u00e9cisant que \u00able L\u00e9vothyrox fait partie des m\u00e9dicaments soumis \u00e0 un contr\u00f4le rigoureux pour en assurer la disponibilit\u00e9\u00bb.<\/p>\n<\/div>\n<p>Auteur: Laila Zerrour<br \/>\n<a href=\"http:\/\/aujourdhui.ma\/societe\/levothyrox-un-approvisionnement-couvrant-3-a-4-mois-des-besoins-receptionne-le-29-juillet\">Cliquez ici pour lire l&rsquo;article depuis sa source.<\/a><\/p>\n","protected":false},"excerpt":{"rendered":"<p>Les pharmaciens appel\u00e9s \u00e0 ne fournir que l\u2019\u00e9quivalent d\u2019un mois de traitementApr\u00e8s la direction des m\u00e9dicaments et de la pharmacie, c\u2019est au tour des laboratoires Merck et Cooper Pharma de rassurer les patients quant \u00e0 la disponibilit\u00e9 du m\u00e9dicament L\u00e9vothyrox sur le march\u00e9 national. Dans un courrier adress\u00e9 le jeudi 1er ao\u00fbt au pr\u00e9sident du [&hellip;]<\/p>\n","protected":false},"author":1759,"featured_media":0,"comment_status":"closed","ping_status":"closed","sticky":false,"template":"","format":"standard","meta":{"fifu_image_url":"","fifu_image_alt":"","footnotes":""},"categories":[73,54],"tags":[],"class_list":["post-50254","post","type-post","status-publish","format-standard","hentry","category-actualite","category-maroc"],"_links":{"self":[{"href":"https:\/\/linitiative.ca\/International\/wp-json\/wp\/v2\/posts\/50254","targetHints":{"allow":["GET"]}}],"collection":[{"href":"https:\/\/linitiative.ca\/International\/wp-json\/wp\/v2\/posts"}],"about":[{"href":"https:\/\/linitiative.ca\/International\/wp-json\/wp\/v2\/types\/post"}],"author":[{"embeddable":true,"href":"https:\/\/linitiative.ca\/International\/wp-json\/wp\/v2\/users\/1759"}],"replies":[{"embeddable":true,"href":"https:\/\/linitiative.ca\/International\/wp-json\/wp\/v2\/comments?post=50254"}],"version-history":[{"count":0,"href":"https:\/\/linitiative.ca\/International\/wp-json\/wp\/v2\/posts\/50254\/revisions"}],"wp:attachment":[{"href":"https:\/\/linitiative.ca\/International\/wp-json\/wp\/v2\/media?parent=50254"}],"wp:term":[{"taxonomy":"category","embeddable":true,"href":"https:\/\/linitiative.ca\/International\/wp-json\/wp\/v2\/categories?post=50254"},{"taxonomy":"post_tag","embeddable":true,"href":"https:\/\/linitiative.ca\/International\/wp-json\/wp\/v2\/tags?post=50254"}],"curies":[{"name":"wp","href":"https:\/\/api.w.org\/{rel}","templated":true}]}}